{"id":351834,"date":"2023-06-10T10:53:42","date_gmt":"2023-06-10T09:53:42","guid":{"rendered":"https:\/\/crsrv.org\/non-categorizzato\/quaderni-viii\/"},"modified":"2024-04-03T07:43:13","modified_gmt":"2024-04-03T06:43:13","slug":"quaderni-viii","status":"publish","type":"post","link":"https:\/\/crsrv.org\/en\/publishing\/quaderni-en\/quaderni-viii\/","title":{"rendered":"Quaderni VIII"},"content":{"rendered":"<p>[et_pb_section fb_built=&#8221;1&#8243; _builder_version=&#8221;4.20.2&#8243; _module_preset=&#8221;default&#8221; da_disable_devices=&#8221;off|off|off&#8221; global_colors_info=&#8221;{}&#8221; da_is_popup=&#8221;off&#8221; da_exit_intent=&#8221;off&#8221; da_has_close=&#8221;on&#8221; da_alt_close=&#8221;off&#8221; da_dark_close=&#8221;off&#8221; da_not_modal=&#8221;on&#8221; da_is_singular=&#8221;off&#8221; da_with_loader=&#8221;off&#8221; da_has_shadow=&#8221;on&#8221;][et_pb_row _builder_version=&#8221;4.20.2&#8243; _module_preset=&#8221;default&#8221; width=&#8221;85%&#8221; max_width=&#8221;90%&#8221; border_width_top=&#8221;1px&#8221; border_color_top=&#8221;#727272&#8243; border_width_bottom=&#8221;1px&#8221; border_color_bottom=&#8221;#727272&#8243; global_colors_info=&#8221;{}&#8221;][et_pb_column type=&#8221;4_4&#8243; _builder_version=&#8221;4.20.2&#8243; _module_preset=&#8221;default&#8221; pac_dcm_carousel_specific_module_num=&#8221;0&#8243; global_colors_info=&#8221;{}&#8221;][dsm_icon_list icon_color=&#8221;#727272&#8243; icon_font_size=&#8221;2px&#8221; list_layout=&#8221;horizontal&#8221; list_direction=&#8221;rtl&#8221; text_indent=&#8221;10px&#8221; image_max_width=&#8221;18px&#8221; _builder_version=&#8221;4.21.0&#8243; _module_preset=&#8221;default&#8221; text_font=&#8221;Crimson Pro||||||||&#8221; text_text_color=&#8221;#727272&#8243; text_font_size=&#8221;20px&#8221; global_colors_info=&#8221;{}&#8221; icon_color__hover_enabled=&#8221;off|desktop&#8221; text_text_color__hover_enabled=&#8221;on|hover&#8221; text_text_color__hover=&#8221;#FFBA52&#8243;][dsm_icon_list_child text=&#8221;Publishing&#8221; use_icon=&#8221;off&#8221; image=&#8221;https:\/\/crsrv.org\/wp-content\/uploads\/2023\/05\/arrow-crsrv.png&#8221; url=&#8221;https:\/\/crsrv.org\/en\/publishing\/&#8221; _builder_version=&#8221;4.21.0&#8243; _module_preset=&#8221;default&#8221; custom_padding=&#8221;|10px|||false|false&#8221; global_colors_info=&#8221;{}&#8221;][\/dsm_icon_list_child][dsm_icon_list_child text=&#8221;Quaderni&#8221; use_icon=&#8221;off&#8221; image=&#8221;https:\/\/crsrv.org\/wp-content\/uploads\/2023\/05\/arrow-crsrv.png&#8221; url=&#8221;https:\/\/crsrv.org\/en\/editoria\/quaderni\/&#8221; _builder_version=&#8221;4.21.0&#8243; _module_preset=&#8221;default&#8221; custom_padding=&#8221;||||false|false&#8221; global_colors_info=&#8221;{}&#8221;][\/dsm_icon_list_child][\/dsm_icon_list][\/et_pb_column][\/et_pb_row][et_pb_row column_structure=&#8221;1_2,1_2&#8243; use_custom_gutter=&#8221;on&#8221; gutter_width=&#8221;4&#8243; _builder_version=&#8221;4.20.2&#8243; _module_preset=&#8221;default&#8221; width=&#8221;85%&#8221; max_width=&#8221;90%&#8221; global_colors_info=&#8221;{}&#8221;][et_pb_column type=&#8221;1_2&#8243; _builder_version=&#8221;4.20.2&#8243; _module_preset=&#8221;default&#8221; pac_dcm_carousel_specific_module_num=&#8221;0&#8243; global_colors_info=&#8221;{}&#8221;][et_pb_post_title meta=&#8221;off&#8221; featured_image=&#8221;off&#8221; _builder_version=&#8221;4.21.0&#8243; _module_preset=&#8221;default&#8221; title_font=&#8221;Crimson Pro||||||||&#8221; title_text_align=&#8221;left&#8221; title_text_color=&#8221;#727272&#8243; title_font_size=&#8221;80px&#8221; title_font_size_tablet=&#8221;40px&#8221; title_font_size_phone=&#8221;30px&#8221; title_font_size_last_edited=&#8221;on|phone&#8221; global_colors_info=&#8221;{}&#8221;][\/et_pb_post_title][et_pb_text _builder_version=&#8221;4.23.1&#8243; _module_preset=&#8221;default&#8221; text_font=&#8221;Crimson Pro||||||||&#8221; text_line_height=&#8221;1.75em&#8221; header_3_text_color=&#8221;#727272&#8243; header_3_font_size=&#8221;30px&#8221; custom_margin=&#8221;||2px|||&#8221; global_colors_info=&#8221;{}&#8221;]<\/p>\n<p>Pages: 411<\/p>\n<p>[\/et_pb_text][et_pb_text _builder_version=&#8221;4.23.1&#8243; _module_preset=&#8221;default&#8221; text_font=&#8221;Crimson Pro||||||||&#8221; text_line_height=&#8221;1.75em&#8221; header_3_text_color=&#8221;#727272&#8243; header_3_font_size=&#8221;30px&#8221; custom_margin=&#8221;0px||0px||true|false&#8221; custom_padding=&#8221;10px||10px||true|false&#8221; global_colors_info=&#8221;{}&#8221;]<\/p>\n<p>Year of issue : 1984-1985<\/p>\n<p>[\/et_pb_text][et_pb_text _builder_version=&#8221;4.23.1&#8243; _module_preset=&#8221;default&#8221; text_font=&#8221;Crimson Pro||||||||&#8221; text_line_height=&#8221;1.75em&#8221; header_3_text_color=&#8221;#727272&#8243; header_3_font_size=&#8221;30px&#8221; custom_margin=&#8221;0px||0px||true|false&#8221; custom_padding=&#8221;0px||0px||true|false&#8221; global_colors_info=&#8221;{}&#8221;]<\/p>\n<p data-v-0caf1cc3=\"\" class=\"category pr-xs\">File size: (7.<span>9<\/span> Mb)<\/p>\n<p>[\/et_pb_text][dsm_icon_list list_alignment=&#8221;center&#8221; image_max_width=&#8221;40px&#8221; image_max_width_tablet=&#8221;&#8221; image_max_width_phone=&#8221;40px&#8221; image_max_width_last_edited=&#8221;on|phone&#8221; _builder_version=&#8221;4.23.1&#8243; _module_preset=&#8221;default&#8221; text_text_color=&#8221;#FFFFFF&#8221; text_font_size=&#8221;18px&#8221; background_color=&#8221;#FFBA52&#8243; max_width=&#8221;200px&#8221; max_width_tablet=&#8221;&#8221; max_width_phone=&#8221;150px&#8221; max_width_last_edited=&#8221;on|phone&#8221; custom_margin=&#8221;20px||||false|false&#8221; custom_padding=&#8221;20px||20px||true|false&#8221; link_option_url=&#8221;crsrv.org\/PDF\/Quaderni\/08\/Quaderni-08.pdf&#8221; link_option_url_new_window=&#8221;on&#8221; border_width_all=&#8221;1px&#8221; border_color_all=&#8221;#FFFFFF&#8221; global_colors_info=&#8221;{}&#8221; background__hover_enabled=&#8221;on|hover&#8221; background_color__hover=&#8221;#727272&#8243; background_enable_color__hover=&#8221;on&#8221;][dsm_icon_list_child text=&#8221;Download pdf&#8221; use_icon=&#8221;off&#8221; image=&#8221;https:\/\/crsrv.org\/wp-content\/uploads\/2023\/05\/icons8-pdf-100-white.png&#8221; _builder_version=&#8221;4.23.1&#8243; _module_preset=&#8221;default&#8221; border_color_all=&#8221;#FFFFFF&#8221; global_colors_info=&#8221;{}&#8221;][\/dsm_icon_list_child][\/dsm_icon_list][\/et_pb_column][et_pb_column type=&#8221;1_2&#8243; _builder_version=&#8221;4.20.2&#8243; _module_preset=&#8221;default&#8221; pac_dcm_carousel_specific_module_num=&#8221;0&#8243; global_colors_info=&#8221;{}&#8221;][et_pb_text _builder_version=&#8221;4.21.0&#8243; _module_preset=&#8221;default&#8221; text_font=&#8221;Crimson Pro||||||||&#8221; text_font_size=&#8221;20px&#8221; text_line_height=&#8221;1.75em&#8221; header_3_text_color=&#8221;#727272&#8243; header_3_font_size=&#8221;30px&#8221; custom_margin=&#8221;2%||2px||false|false&#8221; custom_padding=&#8221;||30px||false|false&#8221; border_width_bottom=&#8221;1px&#8221; border_color_bottom=&#8221;#727272&#8243; global_colors_info=&#8221;{}&#8221;]<\/p>\n<p>Articles:<\/p>\n<p>[\/et_pb_text][dsm_icon_list icon_color=&#8221;#FFBA52&#8243; list_vertical_alignment=&#8221;flex-start&#8221; list_space_between=&#8221;20px&#8221; _builder_version=&#8221;4.24.2&#8243; _module_preset=&#8221;default&#8221; text_font=&#8221;Crimson Pro||||||||&#8221; text_text_color=&#8221;#727272&#8243; text_font_size=&#8221;16px&#8221; custom_margin=&#8221;40px||||false|false&#8221; hover_enabled=&#8221;0&#8243; global_colors_info=&#8221;{}&#8221; text_text_color__hover_enabled=&#8221;on|hover&#8221; text_text_color__hover=&#8221;#FFBA52&#8243; sticky_enabled=&#8221;0&#8243;][dsm_icon_list_child text=&#8221;Elio Apih, La questione sociale nella stampa italiana in Istria (1850-1894)&#8221; use_icon=&#8221;off&#8221; image=&#8221;https:\/\/crsrv.org\/wp-content\/uploads\/2023\/03\/icons8-pdf-100.png&#8221; use_tooltip=&#8221;on&#8221; url=&#8221;https:\/\/crsrv.org\/PDF\/Quaderni\/08\/Elio-Apih-La-questione-sociale-nella-stampa-italiana-in-Istria-1850-1894.pdf&#8221; url_new_window=&#8221;on&#8221; image_max_width=&#8221;30px&#8221; _builder_version=&#8221;4.24.0&#8243; _module_preset=&#8221;default&#8221; global_colors_info=&#8221;{}&#8221;]<\/p>\n<p>Pag. 11<\/p>\n<p>[\/dsm_icon_list_child][dsm_icon_list_child text=&#8221;Ljubinka Karpowicz, Lo %22Stato di Fiume%22 nel periodo del liberalismo&#8221; use_icon=&#8221;off&#8221; image=&#8221;https:\/\/crsrv.org\/wp-content\/uploads\/2023\/03\/icons8-pdf-100.png&#8221; use_tooltip=&#8221;on&#8221; url=&#8221;https:\/\/crsrv.org\/PDF\/Quaderni\/08\/Ljubinka-Karpowicz-Lo-Stato-di-Fiume-nel-periodo-del-liberalismo.pdf&#8221; url_new_window=&#8221;on&#8221; image_max_width=&#8221;30px&#8221; _builder_version=&#8221;4.24.0&#8243; _module_preset=&#8221;default&#8221; global_colors_info=&#8221;{}&#8221;]<\/p>\n<p>Pag. 17<\/p>\n<p>[\/dsm_icon_list_child][dsm_icon_list_child text=&#8221;Bruno Flego &#8211; Ottavio Paoleti\u0107, Il movimento operaio a Pola nel 1907&#8243; use_icon=&#8221;off&#8221; image=&#8221;https:\/\/crsrv.org\/wp-content\/uploads\/2023\/03\/icons8-pdf-100.png&#8221; use_tooltip=&#8221;on&#8221; url=&#8221;https:\/\/crsrv.org\/PDF\/Quaderni\/08\/Bruno-Flego-Il-movimento-operaio-a-Pola-nel-1907.pdf&#8221; url_new_window=&#8221;on&#8221; image_max_width=&#8221;30px&#8221; _builder_version=&#8221;4.24.0&#8243; _module_preset=&#8221;default&#8221; global_colors_info=&#8221;{}&#8221;]<\/p>\n<p>Pag. 31<\/p>\n<p>[\/dsm_icon_list_child][dsm_icon_list_child text=&#8221;Bruno Flego &#8211; Ottavio Paoleti\u0107, Il %22Biennio rosso%22 a Pola e nel circondario gli avvenimenti nel 1920-1921&#8243; use_icon=&#8221;off&#8221; image=&#8221;https:\/\/crsrv.org\/wp-content\/uploads\/2023\/03\/icons8-pdf-100.png&#8221; use_tooltip=&#8221;on&#8221; url=&#8221;https:\/\/crsrv.org\/PDF\/Quaderni\/08\/Bruno-Flego-Ottavio-Paoletic-Il-biennio-rosso-a-Pola-e-nel-circondario-gli-avvenimenti-nel-1920-1921.pdf&#8221; url_new_window=&#8221;on&#8221; image_max_width=&#8221;30px&#8221; _builder_version=&#8221;4.24.0&#8243; _module_preset=&#8221;default&#8221; global_colors_info=&#8221;{}&#8221;]<\/p>\n<p>Pag. 41<\/p>\n<p>[\/dsm_icon_list_child][dsm_icon_list_child text=&#8221;Luciano Giuricin, Il Montonese insorge contro la guerra di Spagna&#8221; use_icon=&#8221;off&#8221; image=&#8221;https:\/\/crsrv.org\/wp-content\/uploads\/2023\/03\/icons8-pdf-100.png&#8221; use_tooltip=&#8221;on&#8221; url=&#8221;https:\/\/crsrv.org\/PDF\/Quaderni\/08\/Luciano-Giuricin-Il-montonese-insorge-contro-la-guerra-di-Spagna.pdf&#8221; url_new_window=&#8221;on&#8221; image_max_width=&#8221;30px&#8221; _builder_version=&#8221;4.24.0&#8243; _module_preset=&#8221;default&#8221; global_colors_info=&#8221;{}&#8221;]<\/p>\n<p>Pag. 69<\/p>\n<p>[\/dsm_icon_list_child][dsm_icon_list_child text=&#8221;Milica Kacin Wohinz, La minoranza sloveno-croata sotto l&#039;Italia fascista&#8221; use_icon=&#8221;off&#8221; image=&#8221;https:\/\/crsrv.org\/wp-content\/uploads\/2023\/03\/icons8-pdf-100.png&#8221; use_tooltip=&#8221;on&#8221; url=&#8221;https:\/\/crsrv.org\/PDF\/Quaderni\/08\/Milica-Kacin-Wohinz-La-minoranza-sloveno-croata-sotto-l-Italia-fascista.pdf&#8221; url_new_window=&#8221;on&#8221; image_max_width=&#8221;30px&#8221; _builder_version=&#8221;4.24.0&#8243; _module_preset=&#8221;default&#8221; global_colors_info=&#8221;{}&#8221;]<\/p>\n<p>Pag. 89<\/p>\n<p>[\/dsm_icon_list_child][dsm_icon_list_child text=&#8221;Marino Budicin, Gli istriani, capodistriani e fiumani nelle carceri, campi di concentramento e resistenza italiana 1941-1945: appunti e considerazioni per l&#039;impostazione della ricerca&#8221; use_icon=&#8221;off&#8221; image=&#8221;https:\/\/crsrv.org\/wp-content\/uploads\/2023\/03\/icons8-pdf-100.png&#8221; use_tooltip=&#8221;on&#8221; url=&#8221;https:\/\/crsrv.org\/PDF\/Quaderni\/08\/Marino-Budicin-Gli-istriani-capodistriani-e-fiumani-nelle-carceri-campi-di-internamento-e-resistenza-italiana-1941-1945.pdf&#8221; url_new_window=&#8221;on&#8221; image_max_width=&#8221;30px&#8221; _builder_version=&#8221;4.24.0&#8243; _module_preset=&#8221;default&#8221; global_colors_info=&#8221;{}&#8221;]<\/p>\n<p>Pag. 145<\/p>\n<p>[\/dsm_icon_list_child][dsm_icon_list_child text=&#8221;Mihael Sobolevski, La costituzione e l&#039;attivit\u00e0 del partito operaio indipendente della Jugoslavia nel Gorski Kotar e nel Litorale croato&#8221; use_icon=&#8221;off&#8221; image=&#8221;https:\/\/crsrv.org\/wp-content\/uploads\/2023\/03\/icons8-pdf-100.png&#8221; use_tooltip=&#8221;on&#8221; url=&#8221;https:\/\/crsrv.org\/PDF\/Quaderni\/08\/Mihael-Sobolevski-L-costituzione-e-l-attivita-del-partito-operaio-indipendente-della-Jugoslavia-nel-Gorski-Kotar-e-nel-litorale-croato.pdf&#8221; url_new_window=&#8221;on&#8221; image_max_width=&#8221;30px&#8221; _builder_version=&#8221;4.24.0&#8243; _module_preset=&#8221;default&#8221; global_colors_info=&#8221;{}&#8221;]<\/p>\n<p>Pag. 157<\/p>\n<p>[\/dsm_icon_list_child][dsm_icon_list_child text=&#8221;Bruno Flego, La revisione della politica nazionale del P.C.I. nella Venezia Giulia negli anni 1929-1934&#8243; use_icon=&#8221;off&#8221; image=&#8221;https:\/\/crsrv.org\/wp-content\/uploads\/2023\/03\/icons8-pdf-100.png&#8221; use_tooltip=&#8221;on&#8221; url=&#8221;https:\/\/crsrv.org\/PDF\/Quaderni\/08\/Bruno-Flego-La-revisione-della-politica-nazionale-del-PCI-nella-Venezia-Giulia-negli-anni-1929-1934.pdf&#8221; url_new_window=&#8221;on&#8221; image_max_width=&#8221;30px&#8221; _builder_version=&#8221;4.24.0&#8243; _module_preset=&#8221;default&#8221; global_colors_info=&#8221;{}&#8221;]<\/p>\n<p>Pag. 181<\/p>\n<p>[\/dsm_icon_list_child][dsm_icon_list_child text=&#8221;Adriano Andri, Scuola e %22Diffusione della cultura nazionale%22 nella Venezia Giulia durante il fascismo (1926-1942)&#8221; use_icon=&#8221;off&#8221; image=&#8221;https:\/\/crsrv.org\/wp-content\/uploads\/2023\/03\/icons8-pdf-100.png&#8221; use_tooltip=&#8221;on&#8221; url=&#8221;https:\/\/crsrv.org\/PDF\/Quaderni\/08\/Adriano-Andri-Scuola-e-diffusione-della-cultura-nazionale-nella-Venezia-Giulia-durante-il-fascismo-1926-1942.pdf&#8221; url_new_window=&#8221;on&#8221; image_max_width=&#8221;30px&#8221; _builder_version=&#8221;4.24.0&#8243; _module_preset=&#8221;default&#8221; global_colors_info=&#8221;{}&#8221;]<\/p>\n<p>Pag. 195<\/p>\n<p>[\/dsm_icon_list_child][dsm_icon_list_child text=&#8221;Luciano Giuricin, La missione jugoslava di Rigoletto Martini&#8221; use_icon=&#8221;off&#8221; image=&#8221;https:\/\/crsrv.org\/wp-content\/uploads\/2023\/03\/icons8-pdf-100.png&#8221; use_tooltip=&#8221;on&#8221; url=&#8221;https:\/\/crsrv.org\/PDF\/Quaderni\/08\/Luciano-Giuricin-La-missione-jugoslava-di-Rigoletto-Martini.pdf&#8221; url_new_window=&#8221;on&#8221; image_max_width=&#8221;30px&#8221; _builder_version=&#8221;4.24.0&#8243; _module_preset=&#8221;default&#8221; global_colors_info=&#8221;{}&#8221;]<\/p>\n<p>Pag. 205<\/p>\n<p>[\/dsm_icon_list_child][dsm_icon_list_child text=&#8221;Antonio Miculian, Bibliografia degli scritti a stampa di Luciano Giuricin&#8221; use_icon=&#8221;off&#8221; image=&#8221;https:\/\/crsrv.org\/wp-content\/uploads\/2023\/03\/icons8-pdf-100.png&#8221; use_tooltip=&#8221;on&#8221; url=&#8221;https:\/\/crsrv.org\/PDF\/Quaderni\/08\/Antonio-Miculian-Bibliografia-degli-scritti-a-stampa-di-Luciano-Giuricin.pdf&#8221; url_new_window=&#8221;on&#8221; image_max_width=&#8221;30px&#8221; _builder_version=&#8221;4.24.0&#8243; _module_preset=&#8221;default&#8221; global_colors_info=&#8221;{}&#8221;]<\/p>\n<p>Pag. 235<\/p>\n<p>[\/dsm_icon_list_child][dsm_icon_list_child text=&#8221;Anna Millo &#8211; Anna Maria Vinci, Ipotesi di lavoro sull&#039;industria mineraria in Istria: la societ\u00e0 anonima Carbonifera Arsa dalle origini al 1929&#8243; use_icon=&#8221;off&#8221; image=&#8221;https:\/\/crsrv.org\/wp-content\/uploads\/2023\/03\/icons8-pdf-100.png&#8221; use_tooltip=&#8221;on&#8221; url=&#8221;https:\/\/crsrv.org\/PDF\/Quaderni\/08\/Anna-Millo-Anna-Maria-Vinci-Ipotesi-di-lavoro-sull-industria-mineraria-in-Istria-la-societa-anonima-carbonifera-Arsa-dalle-origini-al-1929.pdf&#8221; url_new_window=&#8221;on&#8221; image_max_width=&#8221;30px&#8221; _builder_version=&#8221;4.24.0&#8243; _module_preset=&#8221;default&#8221; global_colors_info=&#8221;{}&#8221;]<\/p>\n<p>Pag. 259<\/p>\n<p>[\/dsm_icon_list_child][dsm_icon_list_child text=&#8221;Andrej Mitrovi\u0107, Le direttrici della politica del Regno dei SCS verso l&#039;Italia dal 1920 al 1929&#8243; use_icon=&#8221;off&#8221; image=&#8221;https:\/\/crsrv.org\/wp-content\/uploads\/2023\/03\/icons8-pdf-100.png&#8221; use_tooltip=&#8221;on&#8221; url=&#8221;https:\/\/crsrv.org\/PDF\/Quaderni\/08\/Andrej-Mitrovic-Le-direttrici-della-politica-del-regno-dei-SCS-verso-l-Italia-dal-1920-al-1929.pdf&#8221; url_new_window=&#8221;on&#8221; image_max_width=&#8221;30px&#8221; _builder_version=&#8221;4.24.0&#8243; _module_preset=&#8221;default&#8221; global_colors_info=&#8221;{}&#8221;]<\/p>\n<p>Pag. 273<\/p>\n<p>[\/dsm_icon_list_child][dsm_icon_list_child text=&#8221;Du\u0161an Ne\u0107ak &#8211; Andrej Vovko, L&#039;attivit\u00e0 degli sloveni e dei croati della Venezia Giulia nell&#039;emigrazione in Jugoslavia&#8221; use_icon=&#8221;off&#8221; image=&#8221;https:\/\/crsrv.org\/wp-content\/uploads\/2023\/03\/icons8-pdf-100.png&#8221; use_tooltip=&#8221;on&#8221; url=&#8221;https:\/\/crsrv.org\/PDF\/Quaderni\/08\/Dusan-Necak-Andrej-Vovko-L-attivita-degli-sloveni-e-dei-croati-della-Venezia-Giulia-nell-emigrazione-in-Jugoslavia.pdf&#8221; url_new_window=&#8221;on&#8221; image_max_width=&#8221;30px&#8221; _builder_version=&#8221;4.24.0&#8243; _module_preset=&#8221;default&#8221; global_colors_info=&#8221;{}&#8221;]<\/p>\n<p>Pag. 289<\/p>\n<p>[\/dsm_icon_list_child][dsm_icon_list_child text=&#8221;Luciano Giuricin, Vincenzo Gigante-Ugo eroe della resistenza italiana e jugoslava: nuovi contributi&#8221; use_icon=&#8221;off&#8221; image=&#8221;https:\/\/crsrv.org\/wp-content\/uploads\/2023\/03\/icons8-pdf-100.png&#8221; use_tooltip=&#8221;on&#8221; url=&#8221;https:\/\/crsrv.org\/PDF\/Quaderni\/08\/Luciano-Giuricin-Vincenzo-Gigante-Ugo-eroe-della-resistenza-italiana-e-jugoslava.pdf&#8221; url_new_window=&#8221;on&#8221; image_max_width=&#8221;30px&#8221; _builder_version=&#8221;4.24.0&#8243; _module_preset=&#8221;default&#8221; global_colors_info=&#8221;{}&#8221;]<\/p>\n<p>Pag. 311<\/p>\n<p>[\/dsm_icon_list_child][dsm_icon_list_child text=&#8221;Claudio Radin, Profilo di un comunista polese: Riccardo Rohregger-Richard %22El Longo%22 &#8211; un leggendario del movimento operaio (nuovi contributi)&#8221; use_icon=&#8221;off&#8221; image=&#8221;https:\/\/crsrv.org\/wp-content\/uploads\/2023\/03\/icons8-pdf-100.png&#8221; use_tooltip=&#8221;on&#8221; url=&#8221;https:\/\/crsrv.org\/PDF\/Quaderni\/08\/Claudio-Radin-Riccardo-Rohregger-Richard-el-longo-un-leggendario-del-movimento-operaio.pdf&#8221; url_new_window=&#8221;on&#8221; image_max_width=&#8221;30px&#8221; _builder_version=&#8221;4.24.0&#8243; _module_preset=&#8221;default&#8221; global_colors_info=&#8221;{}&#8221;]<\/p>\n<p>Pag. 329<\/p>\n<p>[\/dsm_icon_list_child][dsm_icon_list_child text=&#8221;Eugene Miller, Omaggio a Egidio Clemente 1899-1984&#8243; use_icon=&#8221;off&#8221; image=&#8221;https:\/\/crsrv.org\/wp-content\/uploads\/2023\/03\/icons8-pdf-100.png&#8221; use_tooltip=&#8221;on&#8221; url=&#8221;https:\/\/crsrv.org\/PDF\/Quaderni\/08\/Eugene-Miller-Omaggio-a-Egidio-Clemente-1899-1984.pdf&#8221; url_new_window=&#8221;on&#8221; image_max_width=&#8221;30px&#8221; _builder_version=&#8221;4.24.2&#8243; _module_preset=&#8221;default&#8221; hover_enabled=&#8221;0&#8243; global_colors_info=&#8221;{}&#8221; sticky_enabled=&#8221;0&#8243;]<\/p>\n<p>Pag. 345<\/p>\n<p>[\/dsm_icon_list_child][dsm_icon_list_child text=&#8221;Claudio Radin, Il dott. Angelo Coatto: un eroe da valutare &#8211; nel 40\u00b0 della sua tragica fine&#8221; use_icon=&#8221;off&#8221; image=&#8221;https:\/\/crsrv.org\/wp-content\/uploads\/2023\/03\/icons8-pdf-100.png&#8221; use_tooltip=&#8221;on&#8221; url=&#8221;https:\/\/crsrv.org\/PDF\/Quaderni\/08\/Claudio-Radin-Il-dott-Angelo-Coatto-un-eroe-da-valutare.pdf&#8221; url_new_window=&#8221;on&#8221; image_max_width=&#8221;30px&#8221; _builder_version=&#8221;4.24.0&#8243; _module_preset=&#8221;default&#8221; global_colors_info=&#8221;{}&#8221;]<\/p>\n<p>Pag. 351<\/p>\n<p>[\/dsm_icon_list_child][dsm_icon_list_child text=&#8221;Luciano Giuricin, Giuseppe Carrabino, commissario della I compagnia Fiumana&#8221; use_icon=&#8221;off&#8221; image=&#8221;https:\/\/crsrv.org\/wp-content\/uploads\/2023\/03\/icons8-pdf-100.png&#8221; use_tooltip=&#8221;on&#8221; url=&#8221;https:\/\/crsrv.org\/PDF\/Quaderni\/08\/Luciano-Giuricin-Giuseppe-Carrabino-commissario-della-I-compagnia-fiumana.pdf&#8221; url_new_window=&#8221;on&#8221; image_max_width=&#8221;30px&#8221; _builder_version=&#8221;4.24.0&#8243; _module_preset=&#8221;default&#8221; global_colors_info=&#8221;{}&#8221;]<\/p>\n<p>Pag. 357<\/p>\n<p>[\/dsm_icon_list_child][\/dsm_icon_list][\/et_pb_column][\/et_pb_row][\/et_pb_section]<\/p>\n","protected":false},"excerpt":{"rendered":"<p><div class=\"et_pb_module dsm_icon_list dsm_icon_list_0\">\n\t\t\t\t\n\t\t\t\t\n\t\t\t\t\n\t\t\t\t\n\t\t\t\t\n\t\t\t\t\n\t\t\t\t<div class=\"et_pb_module_inner\">\n\t\t\t\t\t<ul class=\"dsm_icon_list_items dsm_icon_list_rtl_direction dsm_icon_list_layout_horizontal\"><li class=\"dsm_icon_list_child dsm_icon_list_child_0\">\n\t\t\t\t\n\t\t\t\t\n\t\t\t\t\n\t\t\t\t\n\t\t\t\t<a href=\"https:\/\/crsrv.org\/en\/publishing\/\"><span class=\"dsm_icon_list_wrapper\"><span class=\"dsm_icon_list_image\"><img decoding=\"async\" src=\"https:\/\/crsrv.org\/wp-content\/uploads\/2023\/05\/arrow-crsrv.png\" alt=\"\" \/><\/span><\/span><span class=\"dsm_icon_list_text\">Publishing<\/span><\/a>\n\t\t\t<\/li><li class=\"dsm_icon_list_child dsm_icon_list_child_1\">\n\t\t\t\t\n\t\t\t\t\n\t\t\t\t\n\t\t\t\t\n\t\t\t\t<a href=\"https:\/\/crsrv.org\/en\/editoria\/quaderni\/\"><span class=\"dsm_icon_list_wrapper\"><span class=\"dsm_icon_list_image\"><img decoding=\"async\" src=\"https:\/\/crsrv.org\/wp-content\/uploads\/2023\/05\/arrow-crsrv.png\" alt=\"\" \/><\/span><\/span><span class=\"dsm_icon_list_text\">Quaderni<\/span><\/a>\n\t\t\t<\/li><\/ul>\n\t\t\t\t<\/div>\n\t\t\t<\/div>Pages: 411Year of issue : 1984-1985File size: (7.9 Mb)<div class=\"et_pb_with_border et_pb_module dsm_icon_list dsm_icon_list_1 et_clickable et_pb_section_video_on_hover\">\n\t\t\t\t\n\t\t\t\t\n\t\t\t\t\n\t\t\t\t\n\t\t\t\t\n\t\t\t\t\n\t\t\t\t<div class=\"et_pb_module_inner\">\n\t\t\t\t\t<ul class=\"dsm_icon_list_items dsm_icon_list_ltr_direction dsm_icon_list_layout_vertical\"><li class=\"et_pb_with_border dsm_icon_list_child dsm_icon_list_child_2\">\n\t\t\t\t\n\t\t\t\t\n\t\t\t\t\n\t\t\t\t\n\t\t\t\t<span class=\"dsm_icon_list_wrapper\"><span class=\"dsm_icon_list_image\"><img decoding=\"async\" src=\"https:\/\/crsrv.org\/wp-content\/uploads\/2023\/05\/icons8-pdf-100-white.png\" alt=\"\" \/><\/span><\/span><span class=\"dsm_icon_list_text\">Download pdf<\/span>\n\t\t\t<\/li><\/ul>\n\t\t\t\t<\/div>\n\t\t\t<\/div>Articles:<div class=\"et_pb_module dsm_icon_list dsm_icon_list_2\">\n\t\t\t\t\n\t\t\t\t\n\t\t\t\t\n\t\t\t\t\n\t\t\t\t\n\t\t\t\t\n\t\t\t\t<div class=\"et_pb_module_inner\">\n\t\t\t\t\t<ul class=\"dsm_icon_list_items dsm_icon_list_ltr_direction dsm_icon_list_layout_vertical\"><\/ul>\n\t\t\t\t<\/div>\n\t\t\t<\/div><li class=\"dsm_icon_list_child dsm_icon_list_child_3 dsm_icon_list_child_tooltip\">\n\t\t\t\t\n\t\t\t\t\n\t\t\t\t\n\t\t\t\t\n\t\t\t\t<div class=\"dsm_icon_list_tooltip\" data-tippy-arrow=\"true\" data-dsm-tippy-placement=\"right\" data-dsm-slug=\"dsm_icon_list_child_3\"><a href=\"https:\/\/crsrv.org\/PDF\/Quaderni\/08\/Elio-Apih-La-questione-sociale-nella-stampa-italiana-in-Istria-1850-1894.pdf\" target=\"_blank\"><span class=\"dsm_icon_list_wrapper\"><span class=\"dsm_icon_list_image\"><img decoding=\"async\" src=\"https:\/\/crsrv.org\/wp-content\/uploads\/2023\/03\/icons8-pdf-100.png\" alt=\"\" \/><\/span><\/span><span class=\"dsm_icon_list_text\">Elio Apih, La questione sociale nella stampa italiana in Istria (1850-1894)<\/span><\/a><\/div><span class=\"dsm_icon_list_tooltip_wrapper\">Pag. 11<\/span>\n\t\t\t<\/li><li class=\"dsm_icon_list_child dsm_icon_list_child_4 dsm_icon_list_child_tooltip\">\n\t\t\t\t\n\t\t\t\t\n\t\t\t\t\n\t\t\t\t\n\t\t\t\t<div class=\"dsm_icon_list_tooltip\" data-tippy-arrow=\"true\" data-dsm-tippy-placement=\"right\" data-dsm-slug=\"dsm_icon_list_child_4\"><a href=\"https:\/\/crsrv.org\/PDF\/Quaderni\/08\/Ljubinka-Karpowicz-Lo-Stato-di-Fiume-nel-periodo-del-liberalismo.pdf\" target=\"_blank\"><span class=\"dsm_icon_list_wrapper\"><span class=\"dsm_icon_list_image\"><img decoding=\"async\" src=\"https:\/\/crsrv.org\/wp-content\/uploads\/2023\/03\/icons8-pdf-100.png\" alt=\"\" \/><\/span><\/span><span class=\"dsm_icon_list_text\">Ljubinka Karpowicz, Lo \"Stato di Fiume\" nel periodo del liberalismo<\/span><\/a><\/div><span class=\"dsm_icon_list_tooltip_wrapper\">Pag. 17<\/span>\n\t\t\t<\/li><li class=\"dsm_icon_list_child dsm_icon_list_child_5 dsm_icon_list_child_tooltip\">\n\t\t\t\t\n\t\t\t\t\n\t\t\t\t\n\t\t\t\t\n\t\t\t\t<div class=\"dsm_icon_list_tooltip\" data-tippy-arrow=\"true\" data-dsm-tippy-placement=\"right\" data-dsm-slug=\"dsm_icon_list_child_5\"><a href=\"https:\/\/crsrv.org\/PDF\/Quaderni\/08\/Bruno-Flego-Il-movimento-operaio-a-Pola-nel-1907.pdf\" target=\"_blank\"><span class=\"dsm_icon_list_wrapper\"><span class=\"dsm_icon_list_image\"><img decoding=\"async\" src=\"https:\/\/crsrv.org\/wp-content\/uploads\/2023\/03\/icons8-pdf-100.png\" alt=\"\" \/><\/span><\/span><span class=\"dsm_icon_list_text\">Bruno Flego - Ottavio Paoleti\u0107, Il movimento operaio a Pola nel 1907<\/span><\/a><\/div><span class=\"dsm_icon_list_tooltip_wrapper\">Pag. 31<\/span>\n\t\t\t<\/li><li class=\"dsm_icon_list_child dsm_icon_list_child_6 dsm_icon_list_child_tooltip\">\n\t\t\t\t\n\t\t\t\t\n\t\t\t\t\n\t\t\t\t\n\t\t\t\t<div class=\"dsm_icon_list_tooltip\" data-tippy-arrow=\"true\" data-dsm-tippy-placement=\"right\" data-dsm-slug=\"dsm_icon_list_child_6\"><a href=\"https:\/\/crsrv.org\/PDF\/Quaderni\/08\/Bruno-Flego-Ottavio-Paoletic-Il-biennio-rosso-a-Pola-e-nel-circondario-gli-avvenimenti-nel-1920-1921.pdf\" target=\"_blank\"><span class=\"dsm_icon_list_wrapper\"><span class=\"dsm_icon_list_image\"><img decoding=\"async\" src=\"https:\/\/crsrv.org\/wp-content\/uploads\/2023\/03\/icons8-pdf-100.png\" alt=\"\" \/><\/span><\/span><span class=\"dsm_icon_list_text\">Bruno Flego - Ottavio Paoleti\u0107, Il \"Biennio rosso\" a Pola e nel circondario gli avvenimenti nel 1920-1921<\/span><\/a><\/div><span class=\"dsm_icon_list_tooltip_wrapper\">Pag. 41<\/span>\n\t\t\t<\/li><li class=\"dsm_icon_list_child dsm_icon_list_child_7 dsm_icon_list_child_tooltip\">\n\t\t\t\t\n\t\t\t\t\n\t\t\t\t\n\t\t\t\t\n\t\t\t\t<div class=\"dsm_icon_list_tooltip\" data-tippy-arrow=\"true\" data-dsm-tippy-placement=\"right\" data-dsm-slug=\"dsm_icon_list_child_7\"><a href=\"https:\/\/crsrv.org\/PDF\/Quaderni\/08\/Luciano-Giuricin-Il-montonese-insorge-contro-la-guerra-di-Spagna.pdf\" target=\"_blank\"><span class=\"dsm_icon_list_wrapper\"><span class=\"dsm_icon_list_image\"><img decoding=\"async\" src=\"https:\/\/crsrv.org\/wp-content\/uploads\/2023\/03\/icons8-pdf-100.png\" alt=\"\" \/><\/span><\/span><span class=\"dsm_icon_list_text\">Luciano Giuricin, Il Montonese insorge contro la guerra di Spagna<\/span><\/a><\/div><span class=\"dsm_icon_list_tooltip_wrapper\">Pag. 69<\/span>\n\t\t\t<\/li><li class=\"dsm_icon_list_child dsm_icon_list_child_8\">\n\t\t\t\t\n\t\t\t\t\n\t\t\t\t\n\t\t\t\t\n\t\t\t\t<span class=\"dsm_icon_list_wrapper\"><span class=\"dsm_icon_list_icon\">P<\/span><\/span><span class=\"dsm_icon_list_text\">&#8221;Milica<\/span>\n\t\t\t<\/li><\/p>\n","protected":false},"author":1,"featured_media":0,"comment_status":"closed","ping_status":"closed","sticky":false,"template":"","format":"standard","meta":{"_et_pb_use_builder":"on","_et_pb_old_content":"","_et_gb_content_width":"","pgc_sgb_lightbox_settings":"","_jetpack_memberships_contains_paid_content":false,"footnotes":""},"categories":[96],"tags":[],"class_list":["post-351834","post","type-post","status-publish","format-standard","hentry","category-quaderni-en"],"jetpack_featured_media_url":"","jetpack_sharing_enabled":true,"_links":{"self":[{"href":"https:\/\/crsrv.org\/en\/wp-json\/wp\/v2\/posts\/351834","targetHints":{"allow":["GET"]}}],"collection":[{"href":"https:\/\/crsrv.org\/en\/wp-json\/wp\/v2\/posts"}],"about":[{"href":"https:\/\/crsrv.org\/en\/wp-json\/wp\/v2\/types\/post"}],"author":[{"embeddable":true,"href":"https:\/\/crsrv.org\/en\/wp-json\/wp\/v2\/users\/1"}],"replies":[{"embeddable":true,"href":"https:\/\/crsrv.org\/en\/wp-json\/wp\/v2\/comments?post=351834"}],"version-history":[{"count":6,"href":"https:\/\/crsrv.org\/en\/wp-json\/wp\/v2\/posts\/351834\/revisions"}],"predecessor-version":[{"id":374012,"href":"https:\/\/crsrv.org\/en\/wp-json\/wp\/v2\/posts\/351834\/revisions\/374012"}],"wp:attachment":[{"href":"https:\/\/crsrv.org\/en\/wp-json\/wp\/v2\/media?parent=351834"}],"wp:term":[{"taxonomy":"category","embeddable":true,"href":"https:\/\/crsrv.org\/en\/wp-json\/wp\/v2\/categories?post=351834"},{"taxonomy":"post_tag","embeddable":true,"href":"https:\/\/crsrv.org\/en\/wp-json\/wp\/v2\/tags?post=351834"}],"curies":[{"name":"wp","href":"https:\/\/api.w.org\/{rel}","templated":true}]}}