{"id":349218,"date":"2023-06-10T11:18:37","date_gmt":"2023-06-10T10:18:37","guid":{"rendered":"https:\/\/crsrv.org\/non-categorizzato\/ricerche-sociali-24\/"},"modified":"2024-03-18T10:48:21","modified_gmt":"2024-03-18T09:48:21","slug":"ricerche-sociali-24","status":"publish","type":"post","link":"https:\/\/crsrv.org\/hr\/izdavastvo\/ricerche-sociali-hr\/ricerche-sociali-24\/","title":{"rendered":"Ricerche sociali 24"},"content":{"rendered":"<p>[et_pb_section fb_built=&#8221;1&#8243; _builder_version=&#8221;4.20.2&#8243; _module_preset=&#8221;default&#8221; custom_padding=&#8221;||10px|||&#8221; da_disable_devices=&#8221;off|off|off&#8221; global_colors_info=&#8221;{}&#8221; da_is_popup=&#8221;off&#8221; da_exit_intent=&#8221;off&#8221; da_has_close=&#8221;on&#8221; da_alt_close=&#8221;off&#8221; da_dark_close=&#8221;off&#8221; da_not_modal=&#8221;on&#8221; da_is_singular=&#8221;off&#8221; da_with_loader=&#8221;off&#8221; da_has_shadow=&#8221;on&#8221;][et_pb_row column_structure=&#8221;3_5,2_5&#8243; _builder_version=&#8221;4.20.2&#8243; _module_preset=&#8221;default&#8221; width=&#8221;85%&#8221; max_width=&#8221;90%&#8221; custom_padding=&#8221;20px||10px||false|false&#8221; border_width_top=&#8221;1px&#8221; border_color_top=&#8221;#727272&#8243; border_width_bottom=&#8221;1px&#8221; border_color_bottom=&#8221;#727272&#8243; global_colors_info=&#8221;{}&#8221;][et_pb_column type=&#8221;3_5&#8243; _builder_version=&#8221;4.20.2&#8243; _module_preset=&#8221;default&#8221; pac_dcm_carousel_specific_module_num=&#8221;0&#8243; global_colors_info=&#8221;{}&#8221;][dsm_icon_list icon_color=&#8221;#727272&#8243; list_layout=&#8221;horizontal&#8221; list_direction=&#8221;rtl&#8221; text_indent=&#8221;10px&#8221; _builder_version=&#8221;4.21.0&#8243; _module_preset=&#8221;default&#8221; text_font=&#8221;Crimson Pro||||||||&#8221; text_text_color=&#8221;#727272&#8243; text_font_size=&#8221;20px&#8221; global_colors_info=&#8221;{}&#8221; icon_color__hover_enabled=&#8221;off|desktop&#8221; text_text_color__hover_enabled=&#8221;on|hover&#8221; text_text_color__hover=&#8221;#FFBA52&#8243;][dsm_icon_list_child text=&#8221;Izdava\u0161tvo&#8221; font_icon=&#8221;&#x38;||divi||400&#8243; url=&#8221;https:\/\/crsrv.org\/hr\/izdavastvo\/&#8221; _builder_version=&#8221;4.21.0&#8243; _module_preset=&#8221;default&#8221; custom_padding=&#8221;|10px|||false|false&#8221; global_colors_info=&#8221;{}&#8221;][\/dsm_icon_list_child][dsm_icon_list_child text=&#8221;Ricerche-Sociali&#8221; font_icon=&#8221;&#x38;||divi||400&#8243; icon_padding=&#8221;10px&#8221; url=&#8221;https:\/\/crsrv.org\/hr\/izdavastvo\/ricerche-sociali\/&#8221; _builder_version=&#8221;4.21.0&#8243; _module_preset=&#8221;default&#8221; custom_padding=&#8221;||||false|false&#8221; global_colors_info=&#8221;{}&#8221;][\/dsm_icon_list_child][\/dsm_icon_list][\/et_pb_column][et_pb_column type=&#8221;2_5&#8243; _builder_version=&#8221;4.20.2&#8243; _module_preset=&#8221;default&#8221; pac_dcm_carousel_specific_module_num=&#8221;0&#8243; global_colors_info=&#8221;{}&#8221;][\/et_pb_column][\/et_pb_row][et_pb_row column_structure=&#8221;2_5,3_5&#8243; use_custom_gutter=&#8221;on&#8221; gutter_width=&#8221;4&#8243; _builder_version=&#8221;4.20.2&#8243; _module_preset=&#8221;default&#8221; width=&#8221;85%&#8221; max_width=&#8221;90%&#8221; global_colors_info=&#8221;{}&#8221;][et_pb_column type=&#8221;2_5&#8243; _builder_version=&#8221;4.20.2&#8243; _module_preset=&#8221;default&#8221; pac_dcm_carousel_specific_module_num=&#8221;0&#8243; global_colors_info=&#8221;{}&#8221;][et_pb_post_title meta=&#8221;off&#8221; featured_image=&#8221;off&#8221; _builder_version=&#8221;4.21.0&#8243; _module_preset=&#8221;default&#8221; title_font=&#8221;Crimson Pro||||||||&#8221; title_text_align=&#8221;left&#8221; title_text_color=&#8221;#727272&#8243; title_font_size=&#8221;80px&#8221; title_font_size_tablet=&#8221;40px&#8221; title_font_size_phone=&#8221;30px&#8221; title_font_size_last_edited=&#8221;on|phone&#8221; global_colors_info=&#8221;{}&#8221;][\/et_pb_post_title][et_pb_text _builder_version=&#8221;4.23.1&#8243; _module_preset=&#8221;default&#8221; text_font=&#8221;Crimson Pro||||||||&#8221; text_line_height=&#8221;1.75em&#8221; header_3_text_color=&#8221;#727272&#8243; header_3_font_size=&#8221;30px&#8221; custom_margin=&#8221;||2px|||&#8221; custom_padding=&#8221;||10px||false|false&#8221; global_colors_info=&#8221;{}&#8221;]<\/p>\n<p>Stranice: 144<\/p>\n<p>[\/et_pb_text][et_pb_text _builder_version=&#8221;4.23.1&#8243; _module_preset=&#8221;default&#8221; text_font=&#8221;Crimson Pro||||||||&#8221; text_line_height=&#8221;1.75em&#8221; header_3_text_color=&#8221;#727272&#8243; header_3_font_size=&#8221;30px&#8221; custom_margin=&#8221;0px||0px||true|false&#8221; custom_padding=&#8221;||10px||false|false&#8221; global_colors_info=&#8221;{}&#8221;]<\/p>\n<p>Godina izdanja: 2017<\/p>\n<p>[\/et_pb_text][et_pb_text _builder_version=&#8221;4.23.1&#8243; _module_preset=&#8221;default&#8221; text_font=&#8221;Crimson Pro||||||||&#8221; text_line_height=&#8221;1.75em&#8221; header_3_text_color=&#8221;#727272&#8243; header_3_font_size=&#8221;30px&#8221; custom_margin=&#8221;0px||0px||true|false&#8221; custom_padding=&#8221;0px||0px||true|false&#8221; global_colors_info=&#8221;{}&#8221;]<\/p>\n<p data-v-0caf1cc3=\"\" class=\"category pr-xs\">Veli\u010dina datoteke: (1,1 Mb)<\/p>\n<p>[\/et_pb_text][dsm_icon_list list_alignment=&#8221;center&#8221; image_max_width=&#8221;40px&#8221; image_max_width_tablet=&#8221;&#8221; image_max_width_phone=&#8221;40px&#8221; image_max_width_last_edited=&#8221;on|phone&#8221; _builder_version=&#8221;4.23.1&#8243; _module_preset=&#8221;default&#8221; text_text_color=&#8221;#FFFFFF&#8221; text_font_size=&#8221;18px&#8221; background_color=&#8221;#FFBA52&#8243; max_width=&#8221;200px&#8221; max_width_tablet=&#8221;&#8221; max_width_phone=&#8221;170px&#8221; max_width_last_edited=&#8221;on|phone&#8221; custom_margin=&#8221;20px||||false|false&#8221; custom_padding=&#8221;20px||20px||true|false&#8221; link_option_url=&#8221;crsrv.org\/PDF\/Ricerche-sociali\/24\/Ricerche-Sociali-24.pdf&#8221; link_option_url_new_window=&#8221;on&#8221; border_width_all=&#8221;1px&#8221; border_color_all=&#8221;#FFFFFF&#8221; global_colors_info=&#8221;{}&#8221; background__hover_enabled=&#8221;on|hover&#8221; background_color__hover=&#8221;#727272&#8243; background_enable_color__hover=&#8221;on&#8221;][dsm_icon_list_child text=&#8221;Preuzmite pdf&#8221; use_icon=&#8221;off&#8221; image=&#8221;https:\/\/crsrv.org\/wp-content\/uploads\/2023\/05\/icons8-pdf-100-white.png&#8221; _builder_version=&#8221;4.23.1&#8243; _module_preset=&#8221;default&#8221; border_color_all=&#8221;#FFFFFF&#8221; global_colors_info=&#8221;{}&#8221;][\/dsm_icon_list_child][\/dsm_icon_list][\/et_pb_column][et_pb_column type=&#8221;3_5&#8243; _builder_version=&#8221;4.20.2&#8243; _module_preset=&#8221;default&#8221; pac_dcm_carousel_specific_module_num=&#8221;0&#8243; global_colors_info=&#8221;{}&#8221;][dsm_icon_list icon_color=&#8221;#FFBA52&#8243; list_vertical_alignment=&#8221;flex-start&#8221; list_space_between=&#8221;20px&#8221; _builder_version=&#8221;4.24.0&#8243; _module_preset=&#8221;default&#8221; text_font=&#8221;Crimson Pro||||||||&#8221; text_text_color=&#8221;#727272&#8243; text_font_size=&#8221;16px&#8221; custom_margin=&#8221;40px||||false|false&#8221; hover_enabled=&#8221;0&#8243; global_colors_info=&#8221;{}&#8221; text_text_color__hover_enabled=&#8221;on|hover&#8221; text_text_color__hover=&#8221;#FFBA52&#8243; sticky_enabled=&#8221;0&#8243;][dsm_icon_list_child text=&#8221;Paola Delton, Il linguaggio settoriale dell&#039;insegnamento di educazione civica nelle traduzioni dal croato all&#039;italiano&#8221; use_icon=&#8221;off&#8221; image=&#8221;https:\/\/crsrv.org\/wp-content\/uploads\/2023\/03\/icons8-pdf-100.png&#8221; use_tooltip=&#8221;on&#8221; url=&#8221;https:\/\/crsrv.org\/PDF\/Ricerche-sociali\/24\/Paola-Delton-Il-linguaggio-settoriale-dell-insegnamento-di-educazione-civica-nelle-traduzioni-dal-croato-all-italiano.pdf&#8221; url_new_window=&#8221;on&#8221; image_max_width=&#8221;30px&#8221; _builder_version=&#8221;4.24.0&#8243; _module_preset=&#8221;default&#8221; hover_enabled=&#8221;0&#8243; global_colors_info=&#8221;{}&#8221; sticky_enabled=&#8221;0&#8243;]<\/p>\n<p>Str. 5<\/p>\n<p>[\/dsm_icon_list_child][dsm_icon_list_child text=&#8221;Francesco Cianci, La nozione di %22Minoranza nazionale%22 nell&#039;ordinamento croato alla luce dell&#039;articolo 5 della legge costituzionale sui diritti delle minoranze nazionali&#8221; use_icon=&#8221;off&#8221; image=&#8221;https:\/\/crsrv.org\/wp-content\/uploads\/2023\/03\/icons8-pdf-100.png&#8221; use_tooltip=&#8221;on&#8221; url=&#8221;https:\/\/crsrv.org\/PDF\/Ricerche-sociali\/24\/Francesco-Cianci-La-nozione-di-minoranza-nazionale-nell-ordinamento-croato-alla-luce-dell-articolo-5-della-legge-costituzionale-sui-diritti-delle-minoranze-nazionali.pdf&#8221; url_new_window=&#8221;on&#8221; image_max_width=&#8221;30px&#8221; _builder_version=&#8221;4.24.0&#8243; _module_preset=&#8221;default&#8221; hover_enabled=&#8221;0&#8243; global_colors_info=&#8221;{}&#8221; sticky_enabled=&#8221;0&#8243;]<\/p>\n<p>Str. 69<\/p>\n<p>[\/dsm_icon_list_child][dsm_icon_list_child text=&#8221;Marko Radolovi\u0107, Il complesso militare di Musil: il significato culturale e la polemica politica e sociale&#8221; use_icon=&#8221;off&#8221; image=&#8221;https:\/\/crsrv.org\/wp-content\/uploads\/2023\/03\/icons8-pdf-100.png&#8221; use_tooltip=&#8221;on&#8221; url=&#8221;https:\/\/crsrv.org\/PDF\/Ricerche-sociali\/24\/Marko-Radolovic-Il-complesso-militare-di-Musil-il-significato-culturale-e-la-polemica-politica-e-sociale.pdf&#8221; url_new_window=&#8221;on&#8221; image_max_width=&#8221;30px&#8221; _builder_version=&#8221;4.24.0&#8243; _module_preset=&#8221;default&#8221; hover_enabled=&#8221;0&#8243; global_colors_info=&#8221;{}&#8221; sticky_enabled=&#8221;0&#8243;]<\/p>\n<p>Str. 93<\/p>\n<p>[\/dsm_icon_list_child][dsm_icon_list_child text=&#8221;Edita Dobra\u010da &#8211; Igor Dobra\u010da, La prova strutturata di lingua e letteratura italiana dell&#039;esame di maturit\u00e0 statale in Croazia dal 2009 al 2016&#8243; use_icon=&#8221;off&#8221; image=&#8221;https:\/\/crsrv.org\/wp-content\/uploads\/2023\/03\/icons8-pdf-100.png&#8221; use_tooltip=&#8221;on&#8221; url=&#8221;https:\/\/crsrv.org\/PDF\/Ricerche-sociali\/24\/Edita-Dobraca-Igor-Dobraca-La-prova-strutturata-di-lingua-e-letteratura-italiana-dell-esame-di-maturita-statale-in-Croazia-dal-2009-al-2016.pdf&#8221; url_new_window=&#8221;on&#8221; image_max_width=&#8221;30px&#8221; _builder_version=&#8221;4.24.0&#8243; _module_preset=&#8221;default&#8221; hover_enabled=&#8221;0&#8243; global_colors_info=&#8221;{}&#8221; sticky_enabled=&#8221;0&#8243;]<\/p>\n<p>Str. 111<\/p>\n<p>[\/dsm_icon_list_child][dsm_icon_list_child text=&#8221;Giuseppe De Vergottini, Giorno del Ricordo&#8221; use_icon=&#8221;off&#8221; image=&#8221;https:\/\/crsrv.org\/wp-content\/uploads\/2023\/03\/icons8-pdf-100.png&#8221; use_tooltip=&#8221;on&#8221; url=&#8221;https:\/\/crsrv.org\/PDF\/Ricerche-sociali\/24\/Giuseppe-De-Vergottini-Giorno-del-ricordo.pdf&#8221; url_new_window=&#8221;on&#8221; image_max_width=&#8221;30px&#8221; _builder_version=&#8221;4.24.0&#8243; _module_preset=&#8221;default&#8221; hover_enabled=&#8221;0&#8243; global_colors_info=&#8221;{}&#8221; sticky_enabled=&#8221;0&#8243;]<\/p>\n<p>Str. 135<\/p>\n<p>[\/dsm_icon_list_child][\/dsm_icon_list][\/et_pb_column][\/et_pb_row][\/et_pb_section]<\/p>\n","protected":false},"excerpt":{"rendered":"<p><div class=\"et_pb_module dsm_icon_list dsm_icon_list_0\">\n\t\t\t\t\n\t\t\t\t\n\t\t\t\t\n\t\t\t\t\n\t\t\t\t\n\t\t\t\t\n\t\t\t\t<div class=\"et_pb_module_inner\">\n\t\t\t\t\t<ul class=\"dsm_icon_list_items dsm_icon_list_rtl_direction dsm_icon_list_layout_horizontal\"><li class=\"dsm_icon_list_child dsm_icon_list_child_0\">\n\t\t\t\t\n\t\t\t\t\n\t\t\t\t\n\t\t\t\t\n\t\t\t\t<a href=\"https:\/\/crsrv.org\/hr\/izdavastvo\/\"><span class=\"dsm_icon_list_wrapper\"><span class=\"dsm_icon_list_icon\">8<\/span><\/span><span class=\"dsm_icon_list_text\">Izdava\u0161tvo<\/span><\/a>\n\t\t\t<\/li><li class=\"dsm_icon_list_child dsm_icon_list_child_1\">\n\t\t\t\t\n\t\t\t\t\n\t\t\t\t\n\t\t\t\t\n\t\t\t\t<a href=\"https:\/\/crsrv.org\/hr\/izdavastvo\/ricerche-sociali\/\"><span class=\"dsm_icon_list_wrapper\"><span class=\"dsm_icon_list_icon\">8<\/span><\/span><span class=\"dsm_icon_list_text\">Ricerche-Sociali<\/span><\/a>\n\t\t\t<\/li><\/ul>\n\t\t\t\t<\/div>\n\t\t\t<\/div>Stranice: 144Godina izdanja: 2017Veli\u010dina datoteke: (1,1 Mb)<div class=\"et_pb_with_border et_pb_module dsm_icon_list dsm_icon_list_1 et_clickable et_pb_section_video_on_hover\">\n\t\t\t\t\n\t\t\t\t\n\t\t\t\t\n\t\t\t\t\n\t\t\t\t\n\t\t\t\t\n\t\t\t\t<div class=\"et_pb_module_inner\">\n\t\t\t\t\t<ul class=\"dsm_icon_list_items dsm_icon_list_ltr_direction dsm_icon_list_layout_vertical\"><li class=\"et_pb_with_border dsm_icon_list_child dsm_icon_list_child_2\">\n\t\t\t\t\n\t\t\t\t\n\t\t\t\t\n\t\t\t\t\n\t\t\t\t<span class=\"dsm_icon_list_wrapper\"><span class=\"dsm_icon_list_image\"><img decoding=\"async\" src=\"https:\/\/crsrv.org\/wp-content\/uploads\/2023\/05\/icons8-pdf-100-white.png\" alt=\"\" \/><\/span><\/span><span class=\"dsm_icon_list_text\">Preuzmite pdf<\/span>\n\t\t\t<\/li><\/ul>\n\t\t\t\t<\/div>\n\t\t\t<\/div><div class=\"et_pb_module dsm_icon_list dsm_icon_list_2\">\n\t\t\t\t\n\t\t\t\t\n\t\t\t\t\n\t\t\t\t\n\t\t\t\t\n\t\t\t\t\n\t\t\t\t<div class=\"et_pb_module_inner\">\n\t\t\t\t\t<ul class=\"dsm_icon_list_items dsm_icon_list_ltr_direction dsm_icon_list_layout_vertical\"><\/ul>\n\t\t\t\t<\/div>\n\t\t\t<\/div><li class=\"dsm_icon_list_child dsm_icon_list_child_3 dsm_icon_list_child_tooltip\">\n\t\t\t\t\n\t\t\t\t\n\t\t\t\t\n\t\t\t\t\n\t\t\t\t<div class=\"dsm_icon_list_tooltip\" data-tippy-arrow=\"true\" data-dsm-tippy-placement=\"right\" data-dsm-slug=\"dsm_icon_list_child_3\"><a href=\"https:\/\/crsrv.org\/PDF\/Ricerche-sociali\/24\/Paola-Delton-Il-linguaggio-settoriale-dell-insegnamento-di-educazione-civica-nelle-traduzioni-dal-croato-all-italiano.pdf\" target=\"_blank\"><span class=\"dsm_icon_list_wrapper\"><span class=\"dsm_icon_list_image\"><img decoding=\"async\" src=\"https:\/\/crsrv.org\/wp-content\/uploads\/2023\/03\/icons8-pdf-100.png\" alt=\"\" \/><\/span><\/span><span class=\"dsm_icon_list_text\">Paola Delton, Il linguaggio settoriale dell&#039;insegnamento di educazione civica nelle traduzioni dal croato all&#039;italiano<\/span><\/a><\/div><span class=\"dsm_icon_list_tooltip_wrapper\">Str. 5<\/span>\n\t\t\t<\/li><li class=\"dsm_icon_list_child dsm_icon_list_child_4 dsm_icon_list_child_tooltip\">\n\t\t\t\t\n\t\t\t\t\n\t\t\t\t\n\t\t\t\t\n\t\t\t\t<div class=\"dsm_icon_list_tooltip\" data-tippy-arrow=\"true\" data-dsm-tippy-placement=\"right\" data-dsm-slug=\"dsm_icon_list_child_4\"><a href=\"https:\/\/crsrv.org\/PDF\/Ricerche-sociali\/24\/Francesco-Cianci-La-nozione-di-minoranza-nazionale-nell-ordinamento-croato-alla-luce-dell-articolo-5-della-legge-costituzionale-sui-diritti-delle-minoranze-nazionali.pdf\" target=\"_blank\"><span class=\"dsm_icon_list_wrapper\"><span class=\"dsm_icon_list_image\"><img decoding=\"async\" src=\"https:\/\/crsrv.org\/wp-content\/uploads\/2023\/03\/icons8-pdf-100.png\" alt=\"\" \/><\/span><\/span><span class=\"dsm_icon_list_text\">Francesco Cianci, La nozione di \"Minoranza nazionale\" nell&#039;ordinamento croato alla luce dell&#039;articolo 5 della legge costituzionale sui diritti delle minoranze nazionali<\/span><\/a><\/div><span class=\"dsm_icon_list_tooltip_wrapper\">Str. 69<\/span>\n\t\t\t<\/li><li class=\"dsm_icon_list_child dsm_icon_list_child_5 dsm_icon_list_child_tooltip\">\n\t\t\t\t\n\t\t\t\t\n\t\t\t\t\n\t\t\t\t\n\t\t\t\t<div class=\"dsm_icon_list_tooltip\" data-tippy-arrow=\"true\" data-dsm-tippy-placement=\"right\" data-dsm-slug=\"dsm_icon_list_child_5\"><a href=\"https:\/\/crsrv.org\/PDF\/Ricerche-sociali\/24\/Marko-Radolovic-Il-complesso-militare-di-Musil-il-significato-culturale-e-la-polemica-politica-e-sociale.pdf\" target=\"_blank\"><span class=\"dsm_icon_list_wrapper\"><span class=\"dsm_icon_list_image\"><img decoding=\"async\" src=\"https:\/\/crsrv.org\/wp-content\/uploads\/2023\/03\/icons8-pdf-100.png\" alt=\"\" \/><\/span><\/span><span class=\"dsm_icon_list_text\">Marko Radolovi\u0107, Il complesso militare di Musil: il significato culturale e la polemica politica e sociale<\/span><\/a><\/div><span class=\"dsm_icon_list_tooltip_wrapper\">Str. 93<\/span>\n\t\t\t<\/li><li class=\"dsm_icon_list_child dsm_icon_list_child_6\">\n\t\t\t\t\n\t\t\t\t\n\t\t\t\t\n\t\t\t\t\n\t\t\t\t<span class=\"dsm_icon_list_wrapper\"><span class=\"dsm_icon_list_icon\">P<\/span><\/span><span class=\"dsm_icon_list_text\">&#8221;Edita<\/span>\n\t\t\t<\/li><\/p>\n","protected":false},"author":1,"featured_media":0,"comment_status":"closed","ping_status":"closed","sticky":false,"template":"","format":"standard","meta":{"_et_pb_use_builder":"on","_et_pb_old_content":"","_et_gb_content_width":"","pgc_sgb_lightbox_settings":"","_jetpack_memberships_contains_paid_content":false,"footnotes":""},"categories":[82],"tags":[],"class_list":["post-349218","post","type-post","status-publish","format-standard","hentry","category-ricerche-sociali-hr"],"jetpack_featured_media_url":"","jetpack_sharing_enabled":true,"_links":{"self":[{"href":"https:\/\/crsrv.org\/hr\/wp-json\/wp\/v2\/posts\/349218","targetHints":{"allow":["GET"]}}],"collection":[{"href":"https:\/\/crsrv.org\/hr\/wp-json\/wp\/v2\/posts"}],"about":[{"href":"https:\/\/crsrv.org\/hr\/wp-json\/wp\/v2\/types\/post"}],"author":[{"embeddable":true,"href":"https:\/\/crsrv.org\/hr\/wp-json\/wp\/v2\/users\/1"}],"replies":[{"embeddable":true,"href":"https:\/\/crsrv.org\/hr\/wp-json\/wp\/v2\/comments?post=349218"}],"version-history":[{"count":0,"href":"https:\/\/crsrv.org\/hr\/wp-json\/wp\/v2\/posts\/349218\/revisions"}],"wp:attachment":[{"href":"https:\/\/crsrv.org\/hr\/wp-json\/wp\/v2\/media?parent=349218"}],"wp:term":[{"taxonomy":"category","embeddable":true,"href":"https:\/\/crsrv.org\/hr\/wp-json\/wp\/v2\/categories?post=349218"},{"taxonomy":"post_tag","embeddable":true,"href":"https:\/\/crsrv.org\/hr\/wp-json\/wp\/v2\/tags?post=349218"}],"curies":[{"name":"wp","href":"https:\/\/api.w.org\/{rel}","templated":true}]}}