{"id":378693,"date":"2025-11-04T14:13:00","date_gmt":"2025-11-04T13:13:00","guid":{"rendered":"https:\/\/crsrv.org\/non-categorizzato\/zamjenik-gradonacelnika-pule-pola-vito-paoletic-u-posjetu-centru-za-povijesna-istrazivanja-u-rovinju\/"},"modified":"2025-11-05T11:51:50","modified_gmt":"2025-11-05T10:51:50","slug":"zamjenik-gradonacelnika-pule-pola-vito-paoletic-u-posjetu-centru-za-povijesna-istrazivanja-u-rovinju","status":"publish","type":"post","link":"https:\/\/crsrv.org\/hr\/novosti\/zamjenik-gradonacelnika-pule-pola-vito-paoletic-u-posjetu-centru-za-povijesna-istrazivanja-u-rovinju\/","title":{"rendered":"Zamjenik gradona\u010delnika Pule-Pola Vito Paoleti\u0107 u posjetu Centru za povijesna istra\u017eivanja u Rovinju"},"content":{"rendered":"<p>[et_pb_section fb_built=&#8221;1&#8243; _builder_version=&#8221;4.23.1&#8243; _module_preset=&#8221;default&#8221; max_width=&#8221;100%&#8221; custom_padding=&#8221;||2px|||&#8221; da_disable_devices=&#8221;off|off|off&#8221; global_colors_info=&#8221;{}&#8221; theme_builder_area=&#8221;et_body_layout&#8221; da_is_popup=&#8221;off&#8221; da_exit_intent=&#8221;off&#8221; da_has_close=&#8221;on&#8221; da_alt_close=&#8221;off&#8221; da_dark_close=&#8221;off&#8221; da_not_modal=&#8221;on&#8221; da_is_singular=&#8221;off&#8221; da_with_loader=&#8221;off&#8221; da_has_shadow=&#8221;on&#8221;][et_pb_row _builder_version=&#8221;4.20.2&#8243; _module_preset=&#8221;default&#8221; width=&#8221;85%&#8221; max_width=&#8221;90%&#8221; border_width_top=&#8221;1px&#8221; border_color_top=&#8221;#727272&#8243; border_width_bottom=&#8221;1px&#8221; border_color_bottom=&#8221;#727272&#8243; global_colors_info=&#8221;{}&#8221; theme_builder_area=&#8221;et_body_layout&#8221;][et_pb_column type=&#8221;4_4&#8243; _builder_version=&#8221;4.20.2&#8243; _module_preset=&#8221;default&#8221; pac_dcm_carousel_specific_module_num=&#8221;0&#8243; global_colors_info=&#8221;{}&#8221; theme_builder_area=&#8221;et_body_layout&#8221;][dsm_icon_list icon_color=&#8221;#727272&#8243; icon_font_size=&#8221;2px&#8221; list_layout=&#8221;horizontal&#8221; list_direction=&#8221;rtl&#8221; text_indent=&#8221;10px&#8221; image_max_width=&#8221;18px&#8221; _builder_version=&#8221;4.23.1&#8243; _module_preset=&#8221;default&#8221; text_font=&#8221;Crimson Pro||||||||&#8221; text_text_color=&#8221;#727272&#8243; text_font_size=&#8221;20px&#8221; global_colors_info=&#8221;{}&#8221; icon_color__hover_enabled=&#8221;off|desktop&#8221; text_text_color__hover_enabled=&#8221;on|hover&#8221; text_text_color__hover=&#8221;#FFBA52&#8243; theme_builder_area=&#8221;et_body_layout&#8221;][dsm_icon_list_child text=&#8221;Po\u010detna&#8221; use_icon=&#8221;off&#8221; image=&#8221;https:\/\/crsrv.org\/wp-content\/uploads\/2023\/05\/arrow-crsrv.png&#8221; url=&#8221;https:\/\/crsrv.org\/hr\/&#8221; _builder_version=&#8221;4.23.1&#8243; _module_preset=&#8221;default&#8221; custom_padding=&#8221;|10px|||false|false&#8221; global_colors_info=&#8221;{}&#8221; theme_builder_area=&#8221;et_body_layout&#8221;][\/dsm_icon_list_child][dsm_icon_list_child text=&#8221;Novosti&#8221; use_icon=&#8221;off&#8221; image=&#8221;https:\/\/crsrv.org\/wp-content\/uploads\/2023\/05\/arrow-crsrv.png&#8221; url=&#8221;https:\/\/crsrv.org\/hr\/novosti\/&#8221; _builder_version=&#8221;4.23.1&#8243; _module_preset=&#8221;default&#8221; custom_padding=&#8221;||||false|false&#8221; global_colors_info=&#8221;{}&#8221; theme_builder_area=&#8221;et_body_layout&#8221;][\/dsm_icon_list_child][\/dsm_icon_list][\/et_pb_column][\/et_pb_row][et_pb_row column_structure=&#8221;1_2,1_2&#8243; _builder_version=&#8221;4.23.1&#8243; _module_preset=&#8221;default&#8221; width=&#8221;85%&#8221; max_width=&#8221;90%&#8221; global_colors_info=&#8221;{}&#8221; theme_builder_area=&#8221;et_body_layout&#8221;][et_pb_column type=&#8221;1_2&#8243; _builder_version=&#8221;4.23.1&#8243; _module_preset=&#8221;default&#8221; pac_dcm_carousel_specific_module_num=&#8221;0&#8243; global_colors_info=&#8221;{}&#8221; theme_builder_area=&#8221;et_body_layout&#8221;][et_pb_post_title author=&#8221;off&#8221; date_format=&#8221;d.m.Y&#8221; categories=&#8221;off&#8221; comments=&#8221;off&#8221; featured_image=&#8221;off&#8221; _builder_version=&#8221;4.23.1&#8243; _module_preset=&#8221;default&#8221; title_text_color=&#8221;#727272&#8243; title_font_size=&#8221;35px&#8221; global_colors_info=&#8221;{}&#8221; theme_builder_area=&#8221;et_body_layout&#8221;][\/et_pb_post_title][\/et_pb_column][et_pb_column type=&#8221;1_2&#8243; _builder_version=&#8221;4.23.1&#8243; _module_preset=&#8221;default&#8221; pac_dcm_carousel_specific_module_num=&#8221;0&#8243; global_colors_info=&#8221;{}&#8221; theme_builder_area=&#8221;et_body_layout&#8221;][\/et_pb_column][\/et_pb_row][et_pb_row column_structure=&#8221;1_2,1_2&#8243; _builder_version=&#8221;4.23.1&#8243; _module_preset=&#8221;default&#8221; width=&#8221;85%&#8221; max_width=&#8221;90%&#8221; global_colors_info=&#8221;{}&#8221; theme_builder_area=&#8221;et_body_layout&#8221;][et_pb_column type=&#8221;1_2&#8243; _builder_version=&#8221;4.23.1&#8243; _module_preset=&#8221;default&#8221; pac_dcm_carousel_specific_module_num=&#8221;0&#8243; global_colors_info=&#8221;{}&#8221; theme_builder_area=&#8221;et_body_layout&#8221;][et_pb_image src=&#8221;https:\/\/crsrv.org\/wp-content\/uploads\/IMG_4736-scaled.jpg&#8221; title_text=&#8221;IMG_4736&#8243; _builder_version=&#8221;4.27.4&#8243; _module_preset=&#8221;default&#8221; hover_enabled=&#8221;0&#8243; global_colors_info=&#8221;{}&#8221; theme_builder_area=&#8221;et_body_layout&#8221; sticky_enabled=&#8221;0&#8243;][\/et_pb_image][et_pb_text _builder_version=&#8221;4.27.4&#8243; _module_preset=&#8221;default&#8221; hover_enabled=&#8221;0&#8243; global_colors_info=&#8221;{}&#8221; theme_builder_area=&#8221;et_body_layout&#8221; sticky_enabled=&#8221;0&#8243;]<\/p>\n<p style=\"text-align: justify;\">Centar za povijesna istra\u017eivanja u Rovinju imao je danas zadovoljstvo ugostiti zamjenika gradona\u010delnika Grada Pule-Pola Vita Paoleti\u0107a povodom slu\u017ebenog posjeta.<\/p>\n<p style=\"text-align: justify;\">Gosta je primio ravnatelj Centra, Raul Marseti\u010d, s kojim je imao srda\u010dan i konstruktivan razgovor. Tijekom sastanka razgovaralo se o o\u010duvanju talijanskog identiteta Grada Pule, situaciji Talijanske nacionalne zajednice i mogu\u0107nostima suradnje. <\/p>\n<p style=\"text-align: justify;\">Entrambe le parti hanno espresso la volont\u00e0 di consolidare i rapporti e di promuovere iniziative comuni volte alla tutela e alla valorizzazione del patrimonio storico e culturale italiano in Istria. In particolare, sono stati evidenziati ambiti di possibile cooperazione nel campo della ricerca storica, della divulgazione culturale e della formazione. <\/p>\n<p style=\"text-align: justify;\">Posjet je protekao u vrlo srda\u010dnoj atmosferi i potvrdio je zajedni\u010dku predanost ja\u010danju veza izme\u0111u istarskih institucija koje rade na promicanju talijanskog identiteta i kulture.<\/p>\n<p>[\/et_pb_text][\/et_pb_column][et_pb_column type=&#8221;1_2&#8243; _builder_version=&#8221;4.23.1&#8243; _module_preset=&#8221;default&#8221; pac_dcm_carousel_specific_module_num=&#8221;0&#8243; global_colors_info=&#8221;{}&#8221; theme_builder_area=&#8221;et_body_layout&#8221;][\/et_pb_column][\/et_pb_row][\/et_pb_section]<\/p>\n","protected":false},"excerpt":{"rendered":"<p>Centar za povijesna istra\u017eivanja u Rovinju imao je danas zadovoljstvo ugostiti zamjenika gradona\u010delnika Grada Pule-Pola<\/p>\n","protected":false},"author":3,"featured_media":378681,"comment_status":"closed","ping_status":"closed","sticky":false,"template":"","format":"standard","meta":{"_et_pb_use_builder":"on","_et_pb_old_content":"","_et_gb_content_width":"","pgc_sgb_lightbox_settings":"","_jetpack_memberships_contains_paid_content":false,"footnotes":""},"categories":[144],"tags":[],"class_list":["post-378693","post","type-post","status-publish","format-standard","has-post-thumbnail","hentry","category-novosti"],"jetpack_featured_media_url":"https:\/\/crsrv.org\/wp-content\/uploads\/IMG_4736-scaled.jpg","jetpack_sharing_enabled":true,"_links":{"self":[{"href":"https:\/\/crsrv.org\/hr\/wp-json\/wp\/v2\/posts\/378693","targetHints":{"allow":["GET"]}}],"collection":[{"href":"https:\/\/crsrv.org\/hr\/wp-json\/wp\/v2\/posts"}],"about":[{"href":"https:\/\/crsrv.org\/hr\/wp-json\/wp\/v2\/types\/post"}],"author":[{"embeddable":true,"href":"https:\/\/crsrv.org\/hr\/wp-json\/wp\/v2\/users\/3"}],"replies":[{"embeddable":true,"href":"https:\/\/crsrv.org\/hr\/wp-json\/wp\/v2\/comments?post=378693"}],"version-history":[{"count":11,"href":"https:\/\/crsrv.org\/hr\/wp-json\/wp\/v2\/posts\/378693\/revisions"}],"predecessor-version":[{"id":378732,"href":"https:\/\/crsrv.org\/hr\/wp-json\/wp\/v2\/posts\/378693\/revisions\/378732"}],"wp:featuredmedia":[{"embeddable":true,"href":"https:\/\/crsrv.org\/hr\/wp-json\/wp\/v2\/media\/378681"}],"wp:attachment":[{"href":"https:\/\/crsrv.org\/hr\/wp-json\/wp\/v2\/media?parent=378693"}],"wp:term":[{"taxonomy":"category","embeddable":true,"href":"https:\/\/crsrv.org\/hr\/wp-json\/wp\/v2\/categories?post=378693"},{"taxonomy":"post_tag","embeddable":true,"href":"https:\/\/crsrv.org\/hr\/wp-json\/wp\/v2\/tags?post=378693"}],"curies":[{"name":"wp","href":"https:\/\/api.w.org\/{rel}","templated":true}]}}