{"id":352592,"date":"2023-05-31T23:06:02","date_gmt":"2023-05-31T22:06:02","guid":{"rendered":"https:\/\/crsrv.org\/non-categorizzato\/atti-xl\/"},"modified":"2024-03-18T10:47:13","modified_gmt":"2024-03-18T09:47:13","slug":"atti-xl","status":"publish","type":"post","link":"https:\/\/crsrv.org\/sl\/zaloznistvo\/atti-sl\/atti-xl\/","title":{"rendered":"Atti XL"},"content":{"rendered":"<p>[et_pb_section fb_built=&#8221;1&#8243; _builder_version=&#8221;4.20.2&#8243; _module_preset=&#8221;default&#8221; da_disable_devices=&#8221;off|off|off&#8221; global_colors_info=&#8221;{}&#8221; da_is_popup=&#8221;off&#8221; da_exit_intent=&#8221;off&#8221; da_has_close=&#8221;on&#8221; da_alt_close=&#8221;off&#8221; da_dark_close=&#8221;off&#8221; da_not_modal=&#8221;on&#8221; da_is_singular=&#8221;off&#8221; da_with_loader=&#8221;off&#8221; da_has_shadow=&#8221;on&#8221;][et_pb_row _builder_version=&#8221;4.20.2&#8243; _module_preset=&#8221;default&#8221; width=&#8221;85%&#8221; max_width=&#8221;90%&#8221; border_width_top=&#8221;1px&#8221; border_color_top=&#8221;#727272&#8243; border_width_bottom=&#8221;1px&#8221; border_color_bottom=&#8221;#727272&#8243; global_colors_info=&#8221;{}&#8221;][et_pb_column type=&#8221;4_4&#8243; _builder_version=&#8221;4.20.2&#8243; _module_preset=&#8221;default&#8221; pac_dcm_carousel_specific_module_num=&#8221;0&#8243; global_colors_info=&#8221;{}&#8221;][dsm_icon_list icon_color=&#8221;#727272&#8243; icon_font_size=&#8221;2px&#8221; list_layout=&#8221;horizontal&#8221; list_direction=&#8221;rtl&#8221; text_indent=&#8221;10px&#8221; image_max_width=&#8221;18px&#8221; _builder_version=&#8221;4.21.0&#8243; _module_preset=&#8221;default&#8221; text_font=&#8221;Crimson Pro||||||||&#8221; text_text_color=&#8221;#727272&#8243; text_font_size=&#8221;20px&#8221; global_colors_info=&#8221;{}&#8221; icon_color__hover_enabled=&#8221;off|desktop&#8221; text_text_color__hover_enabled=&#8221;on|hover&#8221; text_text_color__hover=&#8221;#FFBA52&#8243;][dsm_icon_list_child text=&#8221;Zalo\u017eni\u0161tvo&#8221; use_icon=&#8221;off&#8221; image=&#8221;https:\/\/crsrv.org\/wp-content\/uploads\/2023\/05\/arrow-crsrv.png&#8221; url=&#8221;https:\/\/crsrv.org\/sl\/zaloznistvo\/&#8221; _builder_version=&#8221;4.21.0&#8243; _module_preset=&#8221;default&#8221; custom_padding=&#8221;|10px|||false|false&#8221; global_colors_info=&#8221;{}&#8221;][\/dsm_icon_list_child][dsm_icon_list_child text=&#8221;Atti&#8221; use_icon=&#8221;off&#8221; image=&#8221;https:\/\/crsrv.org\/wp-content\/uploads\/2023\/05\/arrow-crsrv.png&#8221; url=&#8221;https:\/\/crsrv.org\/sl\/zaloznistvo\/atti\/&#8221; _builder_version=&#8221;4.21.0&#8243; _module_preset=&#8221;default&#8221; custom_padding=&#8221;||||false|false&#8221; global_colors_info=&#8221;{}&#8221;][\/dsm_icon_list_child][\/dsm_icon_list][\/et_pb_column][\/et_pb_row][et_pb_row column_structure=&#8221;1_2,1_2&#8243; use_custom_gutter=&#8221;on&#8221; gutter_width=&#8221;4&#8243; _builder_version=&#8221;4.20.2&#8243; _module_preset=&#8221;default&#8221; width=&#8221;85%&#8221; max_width=&#8221;90%&#8221; global_colors_info=&#8221;{}&#8221;][et_pb_column type=&#8221;1_2&#8243; _builder_version=&#8221;4.20.2&#8243; _module_preset=&#8221;default&#8221; pac_dcm_carousel_specific_module_num=&#8221;0&#8243; global_colors_info=&#8221;{}&#8221;][et_pb_post_title meta=&#8221;off&#8221; featured_image=&#8221;off&#8221; _builder_version=&#8221;4.21.0&#8243; _module_preset=&#8221;default&#8221; title_font=&#8221;Crimson Pro||||||||&#8221; title_text_align=&#8221;left&#8221; title_text_color=&#8221;#727272&#8243; title_font_size=&#8221;80px&#8221; title_font_size_tablet=&#8221;40px&#8221; title_font_size_phone=&#8221;30px&#8221; title_font_size_last_edited=&#8221;on|phone&#8221; global_colors_info=&#8221;{}&#8221;][\/et_pb_post_title][et_pb_text _builder_version=&#8221;4.21.0&#8243; _module_preset=&#8221;default&#8221; text_font=&#8221;Crimson Pro||||||||&#8221; text_line_height=&#8221;1.75em&#8221; header_3_text_color=&#8221;#727272&#8243; header_3_font_size=&#8221;30px&#8221; custom_margin=&#8221;||2px|||&#8221; global_colors_info=&#8221;{}&#8221;]<\/p>\n<p>Strani : 986<\/p>\n<p>[\/et_pb_text][et_pb_text _builder_version=&#8221;4.21.0&#8243; _module_preset=&#8221;default&#8221; text_font=&#8221;Crimson Pro||||||||&#8221; text_line_height=&#8221;1.75em&#8221; header_3_text_color=&#8221;#727272&#8243; header_3_font_size=&#8221;30px&#8221; custom_margin=&#8221;0px||0px||true|false&#8221; custom_padding=&#8221;10px||10px||true|false&#8221; global_colors_info=&#8221;{}&#8221;]<\/p>\n<p>Leto izdaje : 2010<\/p>\n<p>[\/et_pb_text][et_pb_text _builder_version=&#8221;4.21.0&#8243; _module_preset=&#8221;default&#8221; text_font=&#8221;Crimson Pro||||||||&#8221; text_line_height=&#8221;1.75em&#8221; header_3_text_color=&#8221;#727272&#8243; header_3_font_size=&#8221;30px&#8221; custom_margin=&#8221;0px||0px||true|false&#8221; custom_padding=&#8221;0px||0px||true|false&#8221; global_colors_info=&#8221;{}&#8221;]<\/p>\n<p data-v-0caf1cc3=\"\" class=\"category pr-xs\">Velikost datoteke : (<span>11.7 <\/span>Mb)<\/p>\n<p>[\/et_pb_text][dsm_icon_list list_alignment=&#8221;center&#8221; image_max_width=&#8221;40px&#8221; image_max_width_tablet=&#8221;&#8221; image_max_width_phone=&#8221;40px&#8221; image_max_width_last_edited=&#8221;on|phone&#8221; _builder_version=&#8221;4.23.1&#8243; _module_preset=&#8221;default&#8221; text_text_color=&#8221;#FFFFFF&#8221; text_font_size=&#8221;18px&#8221; background_color=&#8221;#FFBA52&#8243; max_width=&#8221;200px&#8221; max_width_tablet=&#8221;&#8221; max_width_phone=&#8221;170px&#8221; max_width_last_edited=&#8221;on|phone&#8221; custom_margin=&#8221;20px||||false|false&#8221; custom_padding=&#8221;20px||20px||true|false&#8221; link_option_url=&#8221;crsrv.org\/PDF\/Atti\/Atti-40\/Atti-40.pdf&#8221; link_option_url_new_window=&#8221;on&#8221; border_width_all=&#8221;1px&#8221; border_color_all=&#8221;#FFFFFF&#8221; global_colors_info=&#8221;{}&#8221; background__hover_enabled=&#8221;on|hover&#8221; background_color__hover=&#8221;#727272&#8243; background_enable_color__hover=&#8221;on&#8221;][dsm_icon_list_child text=&#8221;Prenesi PDF&#8221; use_icon=&#8221;off&#8221; image=&#8221;https:\/\/crsrv.org\/wp-content\/uploads\/2023\/05\/icons8-pdf-100-white.png&#8221; _builder_version=&#8221;4.23.1&#8243; _module_preset=&#8221;default&#8221; border_color_all=&#8221;#FFFFFF&#8221; global_colors_info=&#8221;{}&#8221;][\/dsm_icon_list_child][\/dsm_icon_list][\/et_pb_column][et_pb_column type=&#8221;1_2&#8243; _builder_version=&#8221;4.20.2&#8243; _module_preset=&#8221;default&#8221; pac_dcm_carousel_specific_module_num=&#8221;0&#8243; global_colors_info=&#8221;{}&#8221;][et_pb_text _builder_version=&#8221;4.21.0&#8243; _module_preset=&#8221;default&#8221; text_font=&#8221;Crimson Pro||||||||&#8221; text_font_size=&#8221;20px&#8221; text_line_height=&#8221;1.75em&#8221; header_3_text_color=&#8221;#727272&#8243; header_3_font_size=&#8221;30px&#8221; custom_margin=&#8221;2%||2px||false|false&#8221; custom_padding=&#8221;||30px||false|false&#8221; border_width_bottom=&#8221;1px&#8221; border_color_bottom=&#8221;#727272&#8243; global_colors_info=&#8221;{}&#8221;]<\/p>\n<p>\u010clanki:<\/p>\n<p>[\/et_pb_text][dsm_icon_list icon_color=&#8221;#FFBA52&#8243; list_vertical_alignment=&#8221;flex-start&#8221; list_space_between=&#8221;20px&#8221; _builder_version=&#8221;4.24.0&#8243; _module_preset=&#8221;default&#8221; text_font=&#8221;Crimson Pro||||||||&#8221; text_text_color=&#8221;#727272&#8243; text_font_size=&#8221;16px&#8221; custom_margin=&#8221;40px||||false|false&#8221; hover_enabled=&#8221;0&#8243; global_colors_info=&#8221;{}&#8221; text_text_color__hover_enabled=&#8221;on|hover&#8221; text_text_color__hover=&#8221;#FFBA52&#8243; sticky_enabled=&#8221;0&#8243;][dsm_icon_list_child text=&#8221;Vesna Girardi Jurki\u0107, Anelli romani con motivi mitologici e simbolici dalla necropoli antica di Burle presso Medolino&#8221; use_icon=&#8221;off&#8221; image=&#8221;https:\/\/crsrv.org\/wp-content\/uploads\/2023\/03\/icons8-pdf-100.png&#8221; use_tooltip=&#8221;on&#8221; url=&#8221;https:\/\/crsrv.org\/PDF\/Atti\/Atti-40\/Vesna-Girardi-Jurkic-Anelli-romani-con-motivi-mitologici-e-simbolici-dalla-necropoli-antica-di-Burle-presso-Medolino.pdf&#8221; url_new_window=&#8221;on&#8221; image_max_width=&#8221;30px&#8221; _builder_version=&#8221;4.24.0&#8243; _module_preset=&#8221;default&#8221; hover_enabled=&#8221;0&#8243; global_colors_info=&#8221;{}&#8221; sticky_enabled=&#8221;0&#8243;]<\/p>\n<p>Str. 9<\/p>\n<p>[\/dsm_icon_list_child][dsm_icon_list_child text=&#8221;Giuseppe Cuscito, Societ\u00e0 civile e comunit\u00e0 cristiana ad Aquileia nel sec. IV&#8221; use_icon=&#8221;off&#8221; image=&#8221;https:\/\/crsrv.org\/wp-content\/uploads\/2023\/03\/icons8-pdf-100.png&#8221; use_tooltip=&#8221;on&#8221; url=&#8221;https:\/\/crsrv.org\/PDF\/Atti\/Atti-40\/Giuseppe-Cuscito-Societa-civile-e-comunita-cristiana-ad-Aquileia-nel-sec-IV.pdf&#8221; url_new_window=&#8221;on&#8221; image_max_width=&#8221;30px&#8221; _builder_version=&#8221;4.24.0&#8243; _module_preset=&#8221;default&#8221; hover_enabled=&#8221;0&#8243; global_colors_info=&#8221;{}&#8221; sticky_enabled=&#8221;0&#8243;]<\/p>\n<p>Str. 35<\/p>\n<p>[\/dsm_icon_list_child][dsm_icon_list_child text=&#8221;Peter \u0160tih, Il diploma del Re Berengario i del 908 e il monastero femminile di Capodistria&#8221; use_icon=&#8221;off&#8221; image=&#8221;https:\/\/crsrv.org\/wp-content\/uploads\/2023\/03\/icons8-pdf-100.png&#8221; use_tooltip=&#8221;on&#8221; url=&#8221;https:\/\/crsrv.org\/PDF\/Atti\/Atti-40\/Peter-Stih-Il-diploma-del-Re-Berengario-i-del-908-e-il-monastero-femminile-di-Capodistria.pdf&#8221; url_new_window=&#8221;on&#8221; image_max_width=&#8221;30px&#8221; _builder_version=&#8221;4.24.0&#8243; _module_preset=&#8221;default&#8221; hover_enabled=&#8221;0&#8243; global_colors_info=&#8221;{}&#8221; sticky_enabled=&#8221;0&#8243;]<\/p>\n<p>Str. 67<\/p>\n<p>[\/dsm_icon_list_child][dsm_icon_list_child text=&#8221;Lavinia Belu\u0161i\u0107, Le chiese in territorio veneto delle diocesi di Cittanova Parenzo e Pola, 1450-1600. Aspetti e problemi tipologici&#8221; use_icon=&#8221;off&#8221; image=&#8221;https:\/\/crsrv.org\/wp-content\/uploads\/2023\/03\/icons8-pdf-100.png&#8221; use_tooltip=&#8221;on&#8221; url=&#8221;https:\/\/crsrv.org\/PDF\/Atti\/Atti-40\/Lavinia-Belusic-Le-chiese-in-territorio-veneto-delle-diocesi-di-Cittanova-Parenzo-e-Pola-1450-1600-Aspetti-e-problemi-tipologici.pdf&#8221; url_new_window=&#8221;on&#8221; image_max_width=&#8221;30px&#8221; _builder_version=&#8221;4.24.0&#8243; _module_preset=&#8221;default&#8221; hover_enabled=&#8221;0&#8243; global_colors_info=&#8221;{}&#8221; sticky_enabled=&#8221;0&#8243;]<\/p>\n<p>Str. 99<\/p>\n<p>[\/dsm_icon_list_child][dsm_icon_list_child text=&#8221;Giovanni Radossi, La confraternita dei poveri infermi di Rovigno e i suoi benefattori&#8221; use_icon=&#8221;off&#8221; image=&#8221;https:\/\/crsrv.org\/wp-content\/uploads\/2023\/03\/icons8-pdf-100.png&#8221; use_tooltip=&#8221;on&#8221; url=&#8221;https:\/\/crsrv.org\/PDF\/Atti\/Atti-40\/Giovanni-Radossi-La-confraternita-dei-poveri-infermi-di-Rovigno-e-i-suoi-benefattori.pdf&#8221; url_new_window=&#8221;on&#8221; image_max_width=&#8221;30px&#8221; _builder_version=&#8221;4.24.0&#8243; _module_preset=&#8221;default&#8221; hover_enabled=&#8221;0&#8243; global_colors_info=&#8221;{}&#8221; sticky_enabled=&#8221;0&#8243;]<\/p>\n<p>Str. 153<\/p>\n<p>[\/dsm_icon_list_child][dsm_icon_list_child text=&#8221;Slaven Berto\u0161a, Le tribolazioni dell&#039; adattamento: alcuni aspetti del ripopolamento dell&#039;Istria meridionale con gli Aiducchi (1671-1676)&#8221; use_icon=&#8221;off&#8221; image=&#8221;https:\/\/crsrv.org\/wp-content\/uploads\/2023\/03\/icons8-pdf-100.png&#8221; use_tooltip=&#8221;on&#8221; url=&#8221;https:\/\/crsrv.org\/PDF\/Atti\/Atti-40\/Slaven-Bertosa-Le-tribolazioni-dell-adattamento-alcuni-aspetti-del-ripopolamento-dell-Istria-meridionale-con-gli-Aiducchi-1671-1676.pdf&#8221; url_new_window=&#8221;on&#8221; image_max_width=&#8221;30px&#8221; _builder_version=&#8221;4.24.0&#8243; _module_preset=&#8221;default&#8221; hover_enabled=&#8221;0&#8243; global_colors_info=&#8221;{}&#8221; sticky_enabled=&#8221;0&#8243;]<\/p>\n<p>Str. 201<\/p>\n<p>[\/dsm_icon_list_child][dsm_icon_list_child text=&#8221;Vania Santon, Bande armate in Istria a fine settecento&#8221; use_icon=&#8221;off&#8221; image=&#8221;https:\/\/crsrv.org\/wp-content\/uploads\/2023\/03\/icons8-pdf-100.png&#8221; use_tooltip=&#8221;on&#8221; url=&#8221;https:\/\/crsrv.org\/PDF\/Atti\/Atti-40\/Vania-Santon-Bande-armate-in-Istria-a-fine-settecento.pdf&#8221; url_new_window=&#8221;on&#8221; image_max_width=&#8221;30px&#8221; _builder_version=&#8221;4.24.0&#8243; _module_preset=&#8221;default&#8221; hover_enabled=&#8221;0&#8243; global_colors_info=&#8221;{}&#8221; sticky_enabled=&#8221;0&#8243;]<\/p>\n<p>Str. 231<\/p>\n<p>[\/dsm_icon_list_child][dsm_icon_list_child text=&#8221;Marino Budicin, Cronistoria degli interventi nel palazzo Pretorio di S. Lorenzo nella seconda met\u00e0 del secolo XVIII: ultimi tentativi di restauro di questa interessante strattura pubblico-istituzionale&#8221; use_icon=&#8221;off&#8221; image=&#8221;https:\/\/crsrv.org\/wp-content\/uploads\/2023\/03\/icons8-pdf-100.png&#8221; use_tooltip=&#8221;on&#8221; url=&#8221;https:\/\/crsrv.org\/PDF\/Atti\/Atti-40\/Marino-Budicin-Cronistoria-degli-interventi-nel-palazzo-Pretorio-di-S-Lorenzo-nella-seconda-meta-del-secolo-XVIII.pdf&#8221; url_new_window=&#8221;on&#8221; image_max_width=&#8221;30px&#8221; _builder_version=&#8221;4.24.0&#8243; _module_preset=&#8221;default&#8221; hover_enabled=&#8221;0&#8243; global_colors_info=&#8221;{}&#8221; sticky_enabled=&#8221;0&#8243;]<\/p>\n<p>Str. 275<\/p>\n<p>[\/dsm_icon_list_child][dsm_icon_list_child text=&#8221;Marta Budicin, Simone Battistella, architetto rovignese del settecento&#8221; use_icon=&#8221;off&#8221; image=&#8221;https:\/\/crsrv.org\/wp-content\/uploads\/2023\/03\/icons8-pdf-100.png&#8221; use_tooltip=&#8221;on&#8221; url=&#8221;https:\/\/crsrv.org\/PDF\/Atti\/Atti-40\/Marta-Budicin-Simone-Battistella-architetto-rovignese-del-settecento.pdf&#8221; url_new_window=&#8221;on&#8221; image_max_width=&#8221;30px&#8221; _builder_version=&#8221;4.24.0&#8243; _module_preset=&#8221;default&#8221; hover_enabled=&#8221;0&#8243; global_colors_info=&#8221;{}&#8221; sticky_enabled=&#8221;0&#8243;]<\/p>\n<p>Str. 325<\/p>\n<p>[\/dsm_icon_list_child][dsm_icon_list_child text=&#8221;Rino Cigui, Epidemie e carestie nell ottocento istriano Il tifo petecchiale e la fame del 1817 a Rovigno&#8221; use_icon=&#8221;off&#8221; image=&#8221;https:\/\/crsrv.org\/wp-content\/uploads\/2023\/03\/icons8-pdf-100.png&#8221; use_tooltip=&#8221;on&#8221; url=&#8221;https:\/\/crsrv.org\/PDF\/Atti\/Atti-40\/Rino-Cigui-Epidemie-e-carestie-nell-ottocento-istriano-Il-tifo-petecchiale-e-la-fame-del-1817-a-Rovigno.pdf&#8221; url_new_window=&#8221;on&#8221; image_max_width=&#8221;30px&#8221; _builder_version=&#8221;4.24.0&#8243; _module_preset=&#8221;default&#8221; hover_enabled=&#8221;0&#8243; global_colors_info=&#8221;{}&#8221; sticky_enabled=&#8221;0&#8243;]<\/p>\n<p>Str. 365<\/p>\n<p>[\/dsm_icon_list_child][dsm_icon_list_child text=&#8221;Silvia Zanlorenzi, Sulla via verso oriente: nascita e sviluppo delle rotte via mare da Trieste all&#039;estremo oriente. Tra memorie personali e resoconti ufficiali&#8221; use_icon=&#8221;off&#8221; image=&#8221;https:\/\/crsrv.org\/wp-content\/uploads\/2023\/03\/icons8-pdf-100.png&#8221; use_tooltip=&#8221;on&#8221; url=&#8221;https:\/\/crsrv.org\/PDF\/Atti\/Atti-40\/Silvia-Zanlorenzi-Sulla-via-verso-oriente-nascita-e-sviluppo-delle-rotte-via-mare-da-Trieste-all-estremo-oriente-Tra-memorie-personali-e-resoconti-ufficiali.pdf&#8221; url_new_window=&#8221;on&#8221; image_max_width=&#8221;30px&#8221; _builder_version=&#8221;4.24.0&#8243; _module_preset=&#8221;default&#8221; hover_enabled=&#8221;0&#8243; global_colors_info=&#8221;{}&#8221; sticky_enabled=&#8221;0&#8243;]<\/p>\n<p>Str. 393<\/p>\n<p>[\/dsm_icon_list_child][dsm_icon_list_child text=&#8221;William Klinger, Le origini dei consigli nazionali: una prospettiva euroasiatica&#8221; use_icon=&#8221;off&#8221; image=&#8221;https:\/\/crsrv.org\/wp-content\/uploads\/2023\/03\/icons8-pdf-100.png&#8221; use_tooltip=&#8221;on&#8221; url=&#8221;https:\/\/crsrv.org\/PDF\/Atti\/Atti-40\/William-Klinger-Le-origini-dei-consigli-nazionali-una-prospettiva-euroasiatica.pdf&#8221; url_new_window=&#8221;on&#8221; image_max_width=&#8221;30px&#8221; _builder_version=&#8221;4.24.0&#8243; _module_preset=&#8221;default&#8221; hover_enabled=&#8221;0&#8243; global_colors_info=&#8221;{}&#8221; sticky_enabled=&#8221;0&#8243;]<\/p>\n<p>Str. 435<\/p>\n<p>[\/dsm_icon_list_child][dsm_icon_list_child text=&#8221;Raul Marseti\u010d, L&#039;origine e lo sviluppo del cimitero civico di Monte Ghiro a Pola attraverso un secolo di storia (1846-1947)&#8221; use_icon=&#8221;off&#8221; image=&#8221;https:\/\/crsrv.org\/wp-content\/uploads\/2023\/03\/icons8-pdf-100.png&#8221; use_tooltip=&#8221;on&#8221; url=&#8221;https:\/\/crsrv.org\/PDF\/Atti\/Atti-40\/Raul-Marsetic-L-origine-e-lo-sviluppo-del-cimitero-civico-di%20Monte-Ghiro-a-Pola-attraverso-un-secolo-di-storia-1846-1947.pdf&#8221; url_new_window=&#8221;on&#8221; image_max_width=&#8221;30px&#8221; _builder_version=&#8221;4.24.0&#8243; _module_preset=&#8221;default&#8221; hover_enabled=&#8221;0&#8243; global_colors_info=&#8221;{}&#8221; sticky_enabled=&#8221;0&#8243;]<\/p>\n<p>Str. 475<\/p>\n<p>[\/dsm_icon_list_child][dsm_icon_list_child text=&#8221;Egidio Ivetic, Lo sviluppo della nazionalita croata in Istria tra otto e novecento&#8221; use_icon=&#8221;off&#8221; image=&#8221;https:\/\/crsrv.org\/wp-content\/uploads\/2023\/03\/icons8-pdf-100.png&#8221; use_tooltip=&#8221;on&#8221; url=&#8221;https:\/\/crsrv.org\/PDF\/Atti\/Atti-40\/Egidio-Ivetic-Lo-sviluppo-della-nazionalita-croata-in-Istria-tra-otto-e-novecento.pdf&#8221; url_new_window=&#8221;on&#8221; image_max_width=&#8221;30px&#8221; _builder_version=&#8221;4.24.0&#8243; _module_preset=&#8221;default&#8221; hover_enabled=&#8221;0&#8243; global_colors_info=&#8221;{}&#8221; sticky_enabled=&#8221;0&#8243;]<\/p>\n<p>Str. 525<\/p>\n<p>[\/dsm_icon_list_child][dsm_icon_list_child text=&#8221;Gaetano Ben\u010di\u0107, Osservazioni sul castello di San Giorgio al Quieto e sul porto dei Santi Quaranta&#8221; use_icon=&#8221;off&#8221; image=&#8221;https:\/\/crsrv.org\/wp-content\/uploads\/2023\/03\/icons8-pdf-100.png&#8221; use_tooltip=&#8221;on&#8221; url=&#8221;https:\/\/crsrv.org\/PDF\/Atti\/Atti-40\/Gaetano-Bencic-Osservazioni-sul-castello-di-San-Giorgio-al-Quieto-e-sul-porto-dei-Santi-Quaranta.pdf&#8221; url_new_window=&#8221;on&#8221; image_max_width=&#8221;30px&#8221; _builder_version=&#8221;4.24.0&#8243; _module_preset=&#8221;default&#8221; hover_enabled=&#8221;0&#8243; global_colors_info=&#8221;{}&#8221; sticky_enabled=&#8221;0&#8243;]<\/p>\n<p>Str. 549<\/p>\n<p>[\/dsm_icon_list_child][dsm_icon_list_child text=&#8221;Franco Stener, Contributo alla conoscenza della cappella campestre di San Matteo di Schitazza&#8221; use_icon=&#8221;off&#8221; image=&#8221;https:\/\/crsrv.org\/wp-content\/uploads\/2023\/03\/icons8-pdf-100.png&#8221; use_tooltip=&#8221;on&#8221; url=&#8221;https:\/\/crsrv.org\/PDF\/Atti\/Atti-40\/Franco-Stener-Contributo-alla-conoscenza-della-cappella-campestre-di-San-Matteo-di-Schitazza.pdf&#8221; url_new_window=&#8221;on&#8221; image_max_width=&#8221;30px&#8221; _builder_version=&#8221;4.24.0&#8243; _module_preset=&#8221;default&#8221; hover_enabled=&#8221;0&#8243; global_colors_info=&#8221;{}&#8221; sticky_enabled=&#8221;0&#8243;]<\/p>\n<p>Str. 575<\/p>\n<p>[\/dsm_icon_list_child][dsm_icon_list_child text=&#8221;Kristjan Knez, Capodistria e la patria di Vittore Carpaccio. Studi, ipotesi, discussioni e polemiche sul luogo natio del pittore&#8221; use_icon=&#8221;off&#8221; image=&#8221;https:\/\/crsrv.org\/wp-content\/uploads\/2023\/03\/icons8-pdf-100.png&#8221; use_tooltip=&#8221;on&#8221; url=&#8221;https:\/\/crsrv.org\/PDF\/Atti\/Atti-40\/Kristjan-Knez-Capodistria-e-la-patria-di-Vittore-Carpaccio-Studi-ipotesi-discussioni-e-polemiche-sul-luogo-natio-del-pittore.pdf&#8221; url_new_window=&#8221;on&#8221; image_max_width=&#8221;30px&#8221; _builder_version=&#8221;4.24.0&#8243; _module_preset=&#8221;default&#8221; hover_enabled=&#8221;0&#8243; global_colors_info=&#8221;{}&#8221; sticky_enabled=&#8221;0&#8243;]<\/p>\n<p>Str. 595<\/p>\n<p>[\/dsm_icon_list_child][dsm_icon_list_child text=&#8221;Tullio Vorano, Il catastico di Albona del 1708 (III parte: appendici)&#8221; use_icon=&#8221;off&#8221; image=&#8221;https:\/\/crsrv.org\/wp-content\/uploads\/2023\/03\/icons8-pdf-100.png&#8221; use_tooltip=&#8221;on&#8221; url=&#8221;https:\/\/crsrv.org\/PDF\/Atti\/Atti-40\/Tullio-Vorano-Il-catastico-di-Albona-del-1708-III-parte-appendici.pdf&#8221; url_new_window=&#8221;on&#8221; image_max_width=&#8221;30px&#8221; _builder_version=&#8221;4.24.0&#8243; _module_preset=&#8221;default&#8221; hover_enabled=&#8221;0&#8243; global_colors_info=&#8221;{}&#8221; sticky_enabled=&#8221;0&#8243;]<\/p>\n<p>Str. 637<\/p>\n<p>[\/dsm_icon_list_child][dsm_icon_list_child text=&#8221;Ljudevit Anton Mara\u010di\u0107, Compilazioni cronachistiche settecentesche dei frati francescani istriani Santo Brandolini, Felice Bartoli e Pietro Trani&#8221; use_icon=&#8221;off&#8221; image=&#8221;https:\/\/crsrv.org\/wp-content\/uploads\/2023\/03\/icons8-pdf-100.png&#8221; use_tooltip=&#8221;on&#8221; url=&#8221;https:\/\/crsrv.org\/PDF\/Atti\/Atti-40\/Ljudevit-Anton-Maracic-Compilazioni-cronachistiche-settecentesche-dei-frati-francescani-istriani-Santo-Brandolini-Felice-Bartoli-e-Pietro-Trani.pdf&#8221; url_new_window=&#8221;on&#8221; image_max_width=&#8221;30px&#8221; _builder_version=&#8221;4.24.0&#8243; _module_preset=&#8221;default&#8221; hover_enabled=&#8221;0&#8243; global_colors_info=&#8221;{}&#8221; sticky_enabled=&#8221;0&#8243;]<\/p>\n<p>Str. 707<\/p>\n<p>[\/dsm_icon_list_child][dsm_icon_list_child text=&#8221;Drago Roksandi\u0107, Lujo Matutinovi\u0107, soldato e scrittore (parte II)&#8221; use_icon=&#8221;off&#8221; image=&#8221;https:\/\/crsrv.org\/wp-content\/uploads\/2023\/03\/icons8-pdf-100.png&#8221; use_tooltip=&#8221;on&#8221; url=&#8221;https:\/\/crsrv.org\/PDF\/Atti\/Atti-40\/Drago-Roksandic-Lujo-Matutinovic-soldato-e-scrittore-parte-II.pdf&#8221; url_new_window=&#8221;on&#8221; image_max_width=&#8221;30px&#8221; _builder_version=&#8221;4.24.0&#8243; _module_preset=&#8221;default&#8221; hover_enabled=&#8221;0&#8243; global_colors_info=&#8221;{}&#8221; sticky_enabled=&#8221;0&#8243;]<\/p>\n<p>Str. 765<\/p>\n<p>[\/dsm_icon_list_child][dsm_icon_list_child text=&#8221;Antonio Cernecca, Theodor Mommsen e Pietro Kandler&#8221; use_icon=&#8221;off&#8221; image=&#8221;https:\/\/crsrv.org\/wp-content\/uploads\/2023\/03\/icons8-pdf-100.png&#8221; use_tooltip=&#8221;on&#8221; url=&#8221;https:\/\/crsrv.org\/PDF\/Atti\/Atti-40\/Antonio-Cernecca-Theodor-Mommsen-e-Pietro-Kandler.pdf&#8221; url_new_window=&#8221;on&#8221; image_max_width=&#8221;30px&#8221; _builder_version=&#8221;4.24.0&#8243; _module_preset=&#8221;default&#8221; hover_enabled=&#8221;0&#8243; global_colors_info=&#8221;{}&#8221; sticky_enabled=&#8221;0&#8243;]<\/p>\n<p>Str. 805<\/p>\n<p>[\/dsm_icon_list_child][dsm_icon_list_child text=&#8221;Corrado Ghiraldo, Nuovi cenni sopra le chiese esistenti o crollate nella campagna di Dignano&#8221; use_icon=&#8221;off&#8221; image=&#8221;https:\/\/crsrv.org\/wp-content\/uploads\/2023\/03\/icons8-pdf-100.png&#8221; use_tooltip=&#8221;on&#8221; url=&#8221;https:\/\/crsrv.org\/PDF\/Atti\/Atti-40\/Corrado-Ghiraldo-Nuovi-cenni-sopra-le-chiese-esistenti-o-crollate-nella-campagna-di-Dignano.pdf&#8221; url_new_window=&#8221;on&#8221; image_max_width=&#8221;30px&#8221; _builder_version=&#8221;4.24.0&#8243; _module_preset=&#8221;default&#8221; hover_enabled=&#8221;0&#8243; global_colors_info=&#8221;{}&#8221; sticky_enabled=&#8221;0&#8243;]<\/p>\n<p>Str. 831<\/p>\n<p>[\/dsm_icon_list_child][dsm_icon_list_child text=&#8221;David Di Paoli Paulovich, Riti e canti della stella nell&#039;istria veneta e nel Quarnero&#8221; use_icon=&#8221;off&#8221; image=&#8221;https:\/\/crsrv.org\/wp-content\/uploads\/2023\/03\/icons8-pdf-100.png&#8221; use_tooltip=&#8221;on&#8221; url=&#8221;https:\/\/crsrv.org\/PDF\/Atti\/Atti-40\/David-Di-Paoli-Paulovich-Riti-e-canti-della-stella-nell-istria-veneta-e-nel-Quarnero.pdf&#8221; url_new_window=&#8221;on&#8221; image_max_width=&#8221;30px&#8221; _builder_version=&#8221;4.24.0&#8243; _module_preset=&#8221;default&#8221; hover_enabled=&#8221;0&#8243; global_colors_info=&#8221;{}&#8221; sticky_enabled=&#8221;0&#8243;]<\/p>\n<p>Str. 851<\/p>\n<p>[\/dsm_icon_list_child][dsm_icon_list_child text=&#8221;Claudio Pericin, Lotta per %22un bicchiere d&#039;acqua netta%22 ed il ruolo dei parroci di campagna a difesa dei villici nell&#039;Istria tra XIX e XX secolo&#8221; use_icon=&#8221;off&#8221; image=&#8221;https:\/\/crsrv.org\/wp-content\/uploads\/2023\/03\/icons8-pdf-100.png&#8221; use_tooltip=&#8221;on&#8221; url=&#8221;https:\/\/crsrv.org\/PDF\/Atti\/Atti-40\/Claudio-Pericin-Lotta-per-un-bicchiere-d-acqua-netta-ed-il-ruolo-dei-parroci-di-campagna-a-difesa-dei-villici-nell-Istria-tra-XIX-e-XX-secolo.pdf&#8221; url_new_window=&#8221;on&#8221; image_max_width=&#8221;30px&#8221; _builder_version=&#8221;4.24.0&#8243; _module_preset=&#8221;default&#8221; hover_enabled=&#8221;0&#8243; global_colors_info=&#8221;{}&#8221; sticky_enabled=&#8221;0&#8243;]<\/p>\n<p>Str. 887<\/p>\n<p>[\/dsm_icon_list_child][dsm_icon_list_child text=&#8221;Marino Bonifacio, Origine e storia di undici casati dell&#039;Istria&#8221; use_icon=&#8221;off&#8221; image=&#8221;https:\/\/crsrv.org\/wp-content\/uploads\/2023\/03\/icons8-pdf-100.png&#8221; use_tooltip=&#8221;on&#8221; url=&#8221;https:\/\/crsrv.org\/PDF\/Atti\/Atti-40\/Marino-Bonifacio-Origine-e-storia-di-undici-casati-dell-Istria.pdf&#8221; url_new_window=&#8221;on&#8221; image_max_width=&#8221;30px&#8221; _builder_version=&#8221;4.24.0&#8243; _module_preset=&#8221;default&#8221; hover_enabled=&#8221;0&#8243; global_colors_info=&#8221;{}&#8221; sticky_enabled=&#8221;0&#8243;]<\/p>\n<p>Str. 909<\/p>\n<p>[\/dsm_icon_list_child][dsm_icon_list_child text=&#8221;Robert Matija\u0161i\u0107, Professore emerito Miroslav Berto\u0161a: biobibliografia&#8221; use_icon=&#8221;off&#8221; image=&#8221;https:\/\/crsrv.org\/wp-content\/uploads\/2023\/03\/icons8-pdf-100.png&#8221; use_tooltip=&#8221;on&#8221; url=&#8221;https:\/\/crsrv.org\/PDF\/Atti\/Atti-40\/Robert-Matijasic-Professore-emerito-Miroslav-Bertosa-biobibliografia.pdf&#8221; url_new_window=&#8221;on&#8221; image_max_width=&#8221;30px&#8221; _builder_version=&#8221;4.24.0&#8243; _module_preset=&#8221;default&#8221; hover_enabled=&#8221;0&#8243; global_colors_info=&#8221;{}&#8221; sticky_enabled=&#8221;0&#8243;]<\/p>\n<p>Str. 945<\/p>\n<p>[\/dsm_icon_list_child][\/dsm_icon_list][\/et_pb_column][\/et_pb_row][\/et_pb_section]<\/p>\n","protected":false},"excerpt":{"rendered":"<p><div class=\"et_pb_module dsm_icon_list dsm_icon_list_0\">\n\t\t\t\t\n\t\t\t\t\n\t\t\t\t\n\t\t\t\t\n\t\t\t\t\n\t\t\t\t\n\t\t\t\t<div class=\"et_pb_module_inner\">\n\t\t\t\t\t<ul class=\"dsm_icon_list_items dsm_icon_list_rtl_direction dsm_icon_list_layout_horizontal\"><li class=\"dsm_icon_list_child dsm_icon_list_child_0\">\n\t\t\t\t\n\t\t\t\t\n\t\t\t\t\n\t\t\t\t\n\t\t\t\t<a href=\"https:\/\/crsrv.org\/sl\/zaloznistvo\/\"><span class=\"dsm_icon_list_wrapper\"><span class=\"dsm_icon_list_image\"><img decoding=\"async\" src=\"https:\/\/crsrv.org\/wp-content\/uploads\/2023\/05\/arrow-crsrv.png\" alt=\"\" \/><\/span><\/span><span class=\"dsm_icon_list_text\">Zalo\u017eni\u0161tvo<\/span><\/a>\n\t\t\t<\/li><li class=\"dsm_icon_list_child dsm_icon_list_child_1\">\n\t\t\t\t\n\t\t\t\t\n\t\t\t\t\n\t\t\t\t\n\t\t\t\t<a href=\"https:\/\/crsrv.org\/sl\/zaloznistvo\/atti\/\"><span class=\"dsm_icon_list_wrapper\"><span class=\"dsm_icon_list_image\"><img decoding=\"async\" src=\"https:\/\/crsrv.org\/wp-content\/uploads\/2023\/05\/arrow-crsrv.png\" alt=\"\" \/><\/span><\/span><span class=\"dsm_icon_list_text\">Atti<\/span><\/a>\n\t\t\t<\/li><\/ul>\n\t\t\t\t<\/div>\n\t\t\t<\/div>Strani : 986Leto izdaje : 2010Velikost datoteke : (11.7 Mb)<div class=\"et_pb_with_border et_pb_module dsm_icon_list dsm_icon_list_1 et_clickable et_pb_section_video_on_hover\">\n\t\t\t\t\n\t\t\t\t\n\t\t\t\t\n\t\t\t\t\n\t\t\t\t\n\t\t\t\t\n\t\t\t\t<div class=\"et_pb_module_inner\">\n\t\t\t\t\t<ul class=\"dsm_icon_list_items dsm_icon_list_ltr_direction dsm_icon_list_layout_vertical\"><li class=\"et_pb_with_border dsm_icon_list_child dsm_icon_list_child_2\">\n\t\t\t\t\n\t\t\t\t\n\t\t\t\t\n\t\t\t\t\n\t\t\t\t<span class=\"dsm_icon_list_wrapper\"><span class=\"dsm_icon_list_image\"><img decoding=\"async\" src=\"https:\/\/crsrv.org\/wp-content\/uploads\/2023\/05\/icons8-pdf-100-white.png\" alt=\"\" \/><\/span><\/span><span class=\"dsm_icon_list_text\">Prenesi PDF<\/span>\n\t\t\t<\/li><\/ul>\n\t\t\t\t<\/div>\n\t\t\t<\/div>\u010clanki:<div class=\"et_pb_module dsm_icon_list dsm_icon_list_2\">\n\t\t\t\t\n\t\t\t\t\n\t\t\t\t\n\t\t\t\t\n\t\t\t\t\n\t\t\t\t\n\t\t\t\t<div class=\"et_pb_module_inner\">\n\t\t\t\t\t<ul class=\"dsm_icon_list_items dsm_icon_list_ltr_direction dsm_icon_list_layout_vertical\"><\/ul>\n\t\t\t\t<\/div>\n\t\t\t<\/div><li class=\"dsm_icon_list_child dsm_icon_list_child_3 dsm_icon_list_child_tooltip\">\n\t\t\t\t\n\t\t\t\t\n\t\t\t\t\n\t\t\t\t\n\t\t\t\t<div class=\"dsm_icon_list_tooltip\" data-tippy-arrow=\"true\" data-dsm-tippy-placement=\"right\" data-dsm-slug=\"dsm_icon_list_child_3\"><a href=\"https:\/\/crsrv.org\/PDF\/Atti\/Atti-40\/Vesna-Girardi-Jurkic-Anelli-romani-con-motivi-mitologici-e-simbolici-dalla-necropoli-antica-di-Burle-presso-Medolino.pdf\" target=\"_blank\"><span class=\"dsm_icon_list_wrapper\"><span class=\"dsm_icon_list_image\"><img decoding=\"async\" src=\"https:\/\/crsrv.org\/wp-content\/uploads\/2023\/03\/icons8-pdf-100.png\" alt=\"\" \/><\/span><\/span><span class=\"dsm_icon_list_text\">Vesna Girardi Jurki\u0107, Anelli romani con motivi mitologici e simbolici dalla necropoli antica di Burle presso Medolino<\/span><\/a><\/div><span class=\"dsm_icon_list_tooltip_wrapper\">Str. 9<\/span>\n\t\t\t<\/li><li class=\"dsm_icon_list_child dsm_icon_list_child_4 dsm_icon_list_child_tooltip\">\n\t\t\t\t\n\t\t\t\t\n\t\t\t\t\n\t\t\t\t\n\t\t\t\t<div class=\"dsm_icon_list_tooltip\" data-tippy-arrow=\"true\" data-dsm-tippy-placement=\"right\" data-dsm-slug=\"dsm_icon_list_child_4\"><a href=\"https:\/\/crsrv.org\/PDF\/Atti\/Atti-40\/Giuseppe-Cuscito-Societa-civile-e-comunita-cristiana-ad-Aquileia-nel-sec-IV.pdf\" target=\"_blank\"><span class=\"dsm_icon_list_wrapper\"><span class=\"dsm_icon_list_image\"><img decoding=\"async\" src=\"https:\/\/crsrv.org\/wp-content\/uploads\/2023\/03\/icons8-pdf-100.png\" alt=\"\" \/><\/span><\/span><span class=\"dsm_icon_list_text\">Giuseppe Cuscito, Societ\u00e0 civile e comunit\u00e0 cristiana ad Aquileia nel sec. IV<\/span><\/a><\/div><span class=\"dsm_icon_list_tooltip_wrapper\">Str. 35<\/span>\n\t\t\t<\/li><li class=\"dsm_icon_list_child dsm_icon_list_child_5 dsm_icon_list_child_tooltip\">\n\t\t\t\t\n\t\t\t\t\n\t\t\t\t\n\t\t\t\t\n\t\t\t\t<div class=\"dsm_icon_list_tooltip\" data-tippy-arrow=\"true\" data-dsm-tippy-placement=\"right\" data-dsm-slug=\"dsm_icon_list_child_5\"><a href=\"https:\/\/crsrv.org\/PDF\/Atti\/Atti-40\/Peter-Stih-Il-diploma-del-Re-Berengario-i-del-908-e-il-monastero-femminile-di-Capodistria.pdf\" target=\"_blank\"><span class=\"dsm_icon_list_wrapper\"><span class=\"dsm_icon_list_image\"><img decoding=\"async\" src=\"https:\/\/crsrv.org\/wp-content\/uploads\/2023\/03\/icons8-pdf-100.png\" alt=\"\" \/><\/span><\/span><span class=\"dsm_icon_list_text\">Peter \u0160tih, Il diploma del Re Berengario i del 908 e il monastero femminile di Capodistria<\/span><\/a><\/div><span class=\"dsm_icon_list_tooltip_wrapper\">Str. 67<\/span>\n\t\t\t<\/li><li class=\"dsm_icon_list_child dsm_icon_list_child_6 dsm_icon_list_child_tooltip\">\n\t\t\t\t\n\t\t\t\t\n\t\t\t\t\n\t\t\t\t\n\t\t\t\t<div class=\"dsm_icon_list_tooltip\" data-tippy-arrow=\"true\" data-dsm-tippy-placement=\"right\" data-dsm-slug=\"dsm_icon_list_child_6\"><a href=\"https:\/\/crsrv.org\/PDF\/Atti\/Atti-40\/Lavinia-Belusic-Le-chiese-in-territorio-veneto-delle-diocesi-di-Cittanova-Parenzo-e-Pola-1450-1600-Aspetti-e-problemi-tipologici.pdf\" target=\"_blank\"><span class=\"dsm_icon_list_wrapper\"><span class=\"dsm_icon_list_image\"><img decoding=\"async\" src=\"https:\/\/crsrv.org\/wp-content\/uploads\/2023\/03\/icons8-pdf-100.png\" alt=\"\" \/><\/span><\/span><span class=\"dsm_icon_list_text\">Lavinia Belu\u0161i\u0107, Le chiese in territorio veneto delle diocesi di Cittanova Parenzo e Pola, 1450-1600. Aspetti e problemi tipologici<\/span><\/a><\/div>\n\t\t\t<\/li>Str. [&hellip;]<\/p>\n","protected":false},"author":1,"featured_media":0,"comment_status":"closed","ping_status":"closed","sticky":false,"template":"","format":"standard","meta":{"_et_pb_use_builder":"on","_et_pb_old_content":"","_et_gb_content_width":"","pgc_sgb_lightbox_settings":"","_jetpack_memberships_contains_paid_content":false,"footnotes":""},"categories":[103],"tags":[],"class_list":["post-352592","post","type-post","status-publish","format-standard","hentry","category-atti-sl"],"jetpack_featured_media_url":"","jetpack_sharing_enabled":true,"_links":{"self":[{"href":"https:\/\/crsrv.org\/sl\/wp-json\/wp\/v2\/posts\/352592","targetHints":{"allow":["GET"]}}],"collection":[{"href":"https:\/\/crsrv.org\/sl\/wp-json\/wp\/v2\/posts"}],"about":[{"href":"https:\/\/crsrv.org\/sl\/wp-json\/wp\/v2\/types\/post"}],"author":[{"embeddable":true,"href":"https:\/\/crsrv.org\/sl\/wp-json\/wp\/v2\/users\/1"}],"replies":[{"embeddable":true,"href":"https:\/\/crsrv.org\/sl\/wp-json\/wp\/v2\/comments?post=352592"}],"version-history":[{"count":0,"href":"https:\/\/crsrv.org\/sl\/wp-json\/wp\/v2\/posts\/352592\/revisions"}],"wp:attachment":[{"href":"https:\/\/crsrv.org\/sl\/wp-json\/wp\/v2\/media?parent=352592"}],"wp:term":[{"taxonomy":"category","embeddable":true,"href":"https:\/\/crsrv.org\/sl\/wp-json\/wp\/v2\/categories?post=352592"},{"taxonomy":"post_tag","embeddable":true,"href":"https:\/\/crsrv.org\/sl\/wp-json\/wp\/v2\/tags?post=352592"}],"curies":[{"name":"wp","href":"https:\/\/api.w.org\/{rel}","templated":true}]}}